{"id":9761,"date":"2023-08-01T16:51:44","date_gmt":"2023-08-01T14:51:44","guid":{"rendered":"https:\/\/soignerenperigord.fr\/?p=9761"},"modified":"2023-08-01T16:53:38","modified_gmt":"2023-08-01T14:53:38","slug":"paris-je-te-quitte-deux-medecins-en-dordogne","status":"publish","type":"post","link":"https:\/\/soignerenperigord.fr\/?p=9761","title":{"rendered":"Paris je te quitte &#8211; Deux m\u00e9decins en Dordogne"},"content":{"rendered":"\n<p>Retrouvez sur le site partenaire <a href=\"https:\/\/paris-jetequitte.com\/\" target=\"_blank\" rel=\"noreferrer noopener\">Paris-jetequitte.com<\/a>, l&#8217;article \u2192<a href=\"https:\/\/paris-jetequitte.com\/portrait-medical-dordogne\/\" target=\"_blank\" rel=\"noreferrer noopener\"> <strong>Deux parcours, deux m\u00e9decins, une m\u00eame destination, la Dordogne<\/strong><\/a>.<\/p>\n\n\n\n<p>Maria, m\u00e9decin g\u00e9n\u00e9raliste \u00e0 Madrid et Julien, docteur en m\u00e9decine tout juste dipl\u00f4m\u00e9.<\/p>\n\n\n\n<p><\/p>\n\n\n\n<p><\/p>\n\n\n\n<p><\/p>\n","protected":false},"excerpt":{"rendered":"<p>Retrouvez sur le site partenaire Paris-jetequitte.com, l&#8217;article \u2192 Deux parcours, deux m\u00e9decins, une m\u00eame destination, la Dordogne. Maria, m\u00e9decin g\u00e9n\u00e9raliste \u00e0 Madrid et Julien, docteur en m\u00e9decine tout juste dipl\u00f4m\u00e9.<\/p>\n","protected":false},"author":19,"featured_media":2168,"comment_status":"closed","ping_status":"open","sticky":false,"template":"","format":"standard","meta":[],"categories":[20],"tags":[],"acf":[],"yoast_head":"<!-- This site is optimized with the Yoast SEO plugin v19.13 - https:\/\/yoast.com\/wordpress\/plugins\/seo\/ -->\n<title>Paris je te quitte - Deux m\u00e9decins en Dordogne - SoignerEnPerigord<\/title>\n<meta name=\"robots\" content=\"index, follow, max-snippet:-1, max-image-preview:large, max-video-preview:-1\" \/>\n<link rel=\"canonical\" href=\"https:\/\/soignerenperigord.fr\/?p=9761\" \/>\n<meta property=\"og:locale\" content=\"fr_FR\" \/>\n<meta property=\"og:type\" content=\"article\" \/>\n<meta property=\"og:title\" content=\"Paris je te quitte - Deux m\u00e9decins en Dordogne - SoignerEnPerigord\" \/>\n<meta property=\"og:description\" content=\"Retrouvez sur le site partenaire Paris-jetequitte.com, l&#8217;article \u2192 Deux parcours, deux m\u00e9decins, une m\u00eame destination, la Dordogne. Maria, m\u00e9decin g\u00e9n\u00e9raliste \u00e0 Madrid et Julien, docteur en m\u00e9decine tout juste dipl\u00f4m\u00e9.\" \/>\n<meta property=\"og:url\" content=\"https:\/\/soignerenperigord.fr\/?p=9761\" \/>\n<meta property=\"og:site_name\" content=\"SoignerEnPerigord\" \/>\n<meta property=\"article:published_time\" content=\"2023-08-01T14:51:44+00:00\" \/>\n<meta property=\"article:modified_time\" content=\"2023-08-01T14:53:38+00:00\" \/>\n<meta property=\"og:image\" content=\"https:\/\/soignerenperigord.fr\/wp-content\/uploads\/2019\/04\/Perigord-Noir4.png\" \/>\n\t<meta property=\"og:image:width\" content=\"440\" \/>\n\t<meta property=\"og:image:height\" content=\"396\" \/>\n\t<meta property=\"og:image:type\" content=\"image\/png\" \/>\n<meta name=\"author\" content=\"Jean-Yves Alexeline\" \/>\n<meta name=\"twitter:card\" content=\"summary_large_image\" \/>\n<meta name=\"twitter:creator\" content=\"@jean-yves-alexeline@assurance-maladie.fr\" \/>\n<meta name=\"twitter:label1\" content=\"Written by\" \/>\n\t<meta name=\"twitter:data1\" content=\"Jean-Yves Alexeline\" \/>\n\t<meta name=\"twitter:label2\" content=\"Est. reading time\" \/>\n\t<meta name=\"twitter:data2\" content=\"1 minute\" \/>\n<script type=\"application\/ld+json\" class=\"yoast-schema-graph\">{\"@context\":\"https:\/\/schema.org\",\"@graph\":[{\"@type\":\"WebPage\",\"@id\":\"https:\/\/soignerenperigord.fr\/?p=9761\",\"url\":\"https:\/\/soignerenperigord.fr\/?p=9761\",\"name\":\"Paris je te quitte - Deux m\u00e9decins en Dordogne - SoignerEnPerigord\",\"isPartOf\":{\"@id\":\"https:\/\/soignerenperigord.fr\/#website\"},\"datePublished\":\"2023-08-01T14:51:44+00:00\",\"dateModified\":\"2023-08-01T14:53:38+00:00\",\"author\":{\"@id\":\"https:\/\/soignerenperigord.fr\/#\/schema\/person\/6dc431caec9622f6c68c260081885ab8\"},\"breadcrumb\":{\"@id\":\"https:\/\/soignerenperigord.fr\/?p=9761#breadcrumb\"},\"inLanguage\":\"fr-FR\",\"potentialAction\":[{\"@type\":\"ReadAction\",\"target\":[\"https:\/\/soignerenperigord.fr\/?p=9761\"]}]},{\"@type\":\"BreadcrumbList\",\"@id\":\"https:\/\/soignerenperigord.fr\/?p=9761#breadcrumb\",\"itemListElement\":[{\"@type\":\"ListItem\",\"position\":1,\"name\":\"Home\",\"item\":\"https:\/\/soignerenperigord.fr\/?page_id=1809\"},{\"@type\":\"ListItem\",\"position\":2,\"name\":\"Paris je te quitte &#8211; Deux m\u00e9decins en Dordogne\"}]},{\"@type\":\"WebSite\",\"@id\":\"https:\/\/soignerenperigord.fr\/#website\",\"url\":\"https:\/\/soignerenperigord.fr\/\",\"name\":\"SoignerEnPerigord\",\"description\":\"Un site utilisant WordPress\",\"potentialAction\":[{\"@type\":\"SearchAction\",\"target\":{\"@type\":\"EntryPoint\",\"urlTemplate\":\"https:\/\/soignerenperigord.fr\/?s={search_term_string}\"},\"query-input\":\"required name=search_term_string\"}],\"inLanguage\":\"fr-FR\"},{\"@type\":\"Person\",\"@id\":\"https:\/\/soignerenperigord.fr\/#\/schema\/person\/6dc431caec9622f6c68c260081885ab8\",\"name\":\"Jean-Yves Alexeline\",\"image\":{\"@type\":\"ImageObject\",\"inLanguage\":\"fr-FR\",\"@id\":\"https:\/\/soignerenperigord.fr\/#\/schema\/person\/image\/\",\"url\":\"https:\/\/secure.gravatar.com\/avatar\/fc3315ce43aa3e852903aa1b9f139910?s=96&d=mm&r=g\",\"contentUrl\":\"https:\/\/secure.gravatar.com\/avatar\/fc3315ce43aa3e852903aa1b9f139910?s=96&d=mm&r=g\",\"caption\":\"Jean-Yves Alexeline\"},\"sameAs\":[\"https:\/\/twitter.com\/jean-yves-alexeline@assurance-maladie.fr\"]}]}<\/script>\n<!-- \/ Yoast SEO plugin. -->","yoast_head_json":{"title":"Paris je te quitte - Deux m\u00e9decins en Dordogne - SoignerEnPerigord","robots":{"index":"index","follow":"follow","max-snippet":"max-snippet:-1","max-image-preview":"max-image-preview:large","max-video-preview":"max-video-preview:-1"},"canonical":"https:\/\/soignerenperigord.fr\/?p=9761","og_locale":"fr_FR","og_type":"article","og_title":"Paris je te quitte - Deux m\u00e9decins en Dordogne - SoignerEnPerigord","og_description":"Retrouvez sur le site partenaire Paris-jetequitte.com, l&#8217;article \u2192 Deux parcours, deux m\u00e9decins, une m\u00eame destination, la Dordogne. Maria, m\u00e9decin g\u00e9n\u00e9raliste \u00e0 Madrid et Julien, docteur en m\u00e9decine tout juste dipl\u00f4m\u00e9.","og_url":"https:\/\/soignerenperigord.fr\/?p=9761","og_site_name":"SoignerEnPerigord","article_published_time":"2023-08-01T14:51:44+00:00","article_modified_time":"2023-08-01T14:53:38+00:00","og_image":[{"width":440,"height":396,"url":"https:\/\/soignerenperigord.fr\/wp-content\/uploads\/2019\/04\/Perigord-Noir4.png","type":"image\/png"}],"author":"Jean-Yves Alexeline","twitter_card":"summary_large_image","twitter_creator":"@jean-yves-alexeline@assurance-maladie.fr","twitter_misc":{"Written by":"Jean-Yves Alexeline","Est. reading time":"1 minute"},"schema":{"@context":"https:\/\/schema.org","@graph":[{"@type":"WebPage","@id":"https:\/\/soignerenperigord.fr\/?p=9761","url":"https:\/\/soignerenperigord.fr\/?p=9761","name":"Paris je te quitte - Deux m\u00e9decins en Dordogne - SoignerEnPerigord","isPartOf":{"@id":"https:\/\/soignerenperigord.fr\/#website"},"datePublished":"2023-08-01T14:51:44+00:00","dateModified":"2023-08-01T14:53:38+00:00","author":{"@id":"https:\/\/soignerenperigord.fr\/#\/schema\/person\/6dc431caec9622f6c68c260081885ab8"},"breadcrumb":{"@id":"https:\/\/soignerenperigord.fr\/?p=9761#breadcrumb"},"inLanguage":"fr-FR","potentialAction":[{"@type":"ReadAction","target":["https:\/\/soignerenperigord.fr\/?p=9761"]}]},{"@type":"BreadcrumbList","@id":"https:\/\/soignerenperigord.fr\/?p=9761#breadcrumb","itemListElement":[{"@type":"ListItem","position":1,"name":"Home","item":"https:\/\/soignerenperigord.fr\/?page_id=1809"},{"@type":"ListItem","position":2,"name":"Paris je te quitte &#8211; Deux m\u00e9decins en Dordogne"}]},{"@type":"WebSite","@id":"https:\/\/soignerenperigord.fr\/#website","url":"https:\/\/soignerenperigord.fr\/","name":"SoignerEnPerigord","description":"Un site utilisant WordPress","potentialAction":[{"@type":"SearchAction","target":{"@type":"EntryPoint","urlTemplate":"https:\/\/soignerenperigord.fr\/?s={search_term_string}"},"query-input":"required name=search_term_string"}],"inLanguage":"fr-FR"},{"@type":"Person","@id":"https:\/\/soignerenperigord.fr\/#\/schema\/person\/6dc431caec9622f6c68c260081885ab8","name":"Jean-Yves Alexeline","image":{"@type":"ImageObject","inLanguage":"fr-FR","@id":"https:\/\/soignerenperigord.fr\/#\/schema\/person\/image\/","url":"https:\/\/secure.gravatar.com\/avatar\/fc3315ce43aa3e852903aa1b9f139910?s=96&d=mm&r=g","contentUrl":"https:\/\/secure.gravatar.com\/avatar\/fc3315ce43aa3e852903aa1b9f139910?s=96&d=mm&r=g","caption":"Jean-Yves Alexeline"},"sameAs":["https:\/\/twitter.com\/jean-yves-alexeline@assurance-maladie.fr"]}]}},"_links":{"self":[{"href":"https:\/\/soignerenperigord.fr\/index.php?rest_route=\/wp\/v2\/posts\/9761"}],"collection":[{"href":"https:\/\/soignerenperigord.fr\/index.php?rest_route=\/wp\/v2\/posts"}],"about":[{"href":"https:\/\/soignerenperigord.fr\/index.php?rest_route=\/wp\/v2\/types\/post"}],"author":[{"embeddable":true,"href":"https:\/\/soignerenperigord.fr\/index.php?rest_route=\/wp\/v2\/users\/19"}],"replies":[{"embeddable":true,"href":"https:\/\/soignerenperigord.fr\/index.php?rest_route=%2Fwp%2Fv2%2Fcomments&post=9761"}],"version-history":[{"count":4,"href":"https:\/\/soignerenperigord.fr\/index.php?rest_route=\/wp\/v2\/posts\/9761\/revisions"}],"predecessor-version":[{"id":9767,"href":"https:\/\/soignerenperigord.fr\/index.php?rest_route=\/wp\/v2\/posts\/9761\/revisions\/9767"}],"wp:featuredmedia":[{"embeddable":true,"href":"https:\/\/soignerenperigord.fr\/index.php?rest_route=\/wp\/v2\/media\/2168"}],"wp:attachment":[{"href":"https:\/\/soignerenperigord.fr\/index.php?rest_route=%2Fwp%2Fv2%2Fmedia&parent=9761"}],"wp:term":[{"taxonomy":"category","embeddable":true,"href":"https:\/\/soignerenperigord.fr\/index.php?rest_route=%2Fwp%2Fv2%2Fcategories&post=9761"},{"taxonomy":"post_tag","embeddable":true,"href":"https:\/\/soignerenperigord.fr\/index.php?rest_route=%2Fwp%2Fv2%2Ftags&post=9761"}],"curies":[{"name":"wp","href":"https:\/\/api.w.org\/{rel}","templated":true}]}}