{"id":8893,"date":"2023-02-09T10:51:41","date_gmt":"2023-02-09T09:51:41","guid":{"rendered":"https:\/\/soignerenperigord.fr\/?p=8893"},"modified":"2023-02-09T10:51:42","modified_gmt":"2023-02-09T09:51:42","slug":"lhopital-de-perigueux-veut-rehabiliter-son-internat-dici-2024-pour-attirer-les-jeunes-medecins","status":"publish","type":"post","link":"https:\/\/soignerenperigord.fr\/?p=8893","title":{"rendered":"L&#8217;h\u00f4pital de P\u00e9rigueux veut r\u00e9habiliter son internat d&#8217;ici 2024 pour attirer les jeunes m\u00e9decins"},"content":{"rendered":"\n<figure class=\"wp-block-image\"><img decoding=\"async\" src=\"https:\/\/www.ch-perigueux.fr\/documents\/user_upload\/HD1.jpg\" alt=\"\"\/><\/figure>\n\n\n\n<p>L&#8217;internat de l&#8217;h\u00f4pital de P\u00e9rigueux va \u00eatre r\u00e9habilit\u00e9 en collaboration avec la mairie de la ville. L&#8217;enjeu est d&#8217;attirer les jeunes m\u00e9decins qui font leur stage \u00e0 P\u00e9rigueux pour qu&#8217;ils reviennent s&#8217;y installer. <\/p><br>\n<p>Lire l&#8217;article sur <a href=\"https:\/\/www.francebleu.fr\/infos\/societe\/l-hopital-de-perigueux-veut-rehabiliter-son-internat-d-ici-2024-pour-attirer-les-jeunes-medecins-2548620\" target=\"_blank\" rel=\"noopener noreferrer\">France Bleu P\u00e9rigord<\/a><\/p>\n","protected":false},"excerpt":{"rendered":"<p>L&#8217;internat de l&#8217;h\u00f4pital de P\u00e9rigueux va \u00eatre r\u00e9habilit\u00e9 en collaboration avec la mairie de la ville. L&#8217;enjeu est d&#8217;attirer les jeunes m\u00e9decins qui font leur stage \u00e0 P\u00e9rigueux pour qu&#8217;ils reviennent s&#8217;y installer. Lire l&#8217;article sur France Bleu P\u00e9rigord<\/p>\n","protected":false},"author":19,"featured_media":3570,"comment_status":"closed","ping_status":"open","sticky":false,"template":"","format":"standard","meta":[],"categories":[20],"tags":[],"acf":[],"yoast_head":"<!-- This site is optimized with the Yoast SEO plugin v19.13 - https:\/\/yoast.com\/wordpress\/plugins\/seo\/ -->\n<title>L&#039;h\u00f4pital de P\u00e9rigueux veut r\u00e9habiliter son internat d&#039;ici 2024 pour attirer les jeunes m\u00e9decins - SoignerEnPerigord<\/title>\n<meta name=\"robots\" content=\"index, follow, max-snippet:-1, max-image-preview:large, max-video-preview:-1\" \/>\n<link rel=\"canonical\" href=\"https:\/\/soignerenperigord.fr\/?p=8893\" \/>\n<meta property=\"og:locale\" content=\"fr_FR\" \/>\n<meta property=\"og:type\" content=\"article\" \/>\n<meta property=\"og:title\" content=\"L&#039;h\u00f4pital de P\u00e9rigueux veut r\u00e9habiliter son internat d&#039;ici 2024 pour attirer les jeunes m\u00e9decins - SoignerEnPerigord\" \/>\n<meta property=\"og:description\" content=\"L&#8217;internat de l&#8217;h\u00f4pital de P\u00e9rigueux va \u00eatre r\u00e9habilit\u00e9 en collaboration avec la mairie de la ville. L&#8217;enjeu est d&#8217;attirer les jeunes m\u00e9decins qui font leur stage \u00e0 P\u00e9rigueux pour qu&#8217;ils reviennent s&#8217;y installer. Lire l&#8217;article sur France Bleu P\u00e9rigord\" \/>\n<meta property=\"og:url\" content=\"https:\/\/soignerenperigord.fr\/?p=8893\" \/>\n<meta property=\"og:site_name\" content=\"SoignerEnPerigord\" \/>\n<meta property=\"article:published_time\" content=\"2023-02-09T09:51:41+00:00\" \/>\n<meta property=\"article:modified_time\" content=\"2023-02-09T09:51:42+00:00\" \/>\n<meta property=\"og:image\" content=\"https:\/\/soignerenperigord.fr\/wp-content\/uploads\/2019\/07\/soigner-en-perigord-cadre-de-vie-medecin-dordogne-installation-remplacement.jpg\" \/>\n\t<meta property=\"og:image:width\" content=\"1210\" \/>\n\t<meta property=\"og:image:height\" content=\"500\" \/>\n\t<meta property=\"og:image:type\" content=\"image\/jpeg\" \/>\n<meta name=\"author\" content=\"Jean-Yves Alexeline\" \/>\n<meta name=\"twitter:card\" content=\"summary_large_image\" \/>\n<meta name=\"twitter:creator\" content=\"@jean-yves-alexeline@assurance-maladie.fr\" \/>\n<meta name=\"twitter:label1\" content=\"Written by\" \/>\n\t<meta name=\"twitter:data1\" content=\"Jean-Yves Alexeline\" \/>\n<script type=\"application\/ld+json\" class=\"yoast-schema-graph\">{\"@context\":\"https:\/\/schema.org\",\"@graph\":[{\"@type\":\"WebPage\",\"@id\":\"https:\/\/soignerenperigord.fr\/?p=8893\",\"url\":\"https:\/\/soignerenperigord.fr\/?p=8893\",\"name\":\"L'h\u00f4pital de P\u00e9rigueux veut r\u00e9habiliter son internat d'ici 2024 pour attirer les jeunes m\u00e9decins - SoignerEnPerigord\",\"isPartOf\":{\"@id\":\"https:\/\/soignerenperigord.fr\/#website\"},\"datePublished\":\"2023-02-09T09:51:41+00:00\",\"dateModified\":\"2023-02-09T09:51:42+00:00\",\"author\":{\"@id\":\"https:\/\/soignerenperigord.fr\/#\/schema\/person\/6dc431caec9622f6c68c260081885ab8\"},\"breadcrumb\":{\"@id\":\"https:\/\/soignerenperigord.fr\/?p=8893#breadcrumb\"},\"inLanguage\":\"fr-FR\",\"potentialAction\":[{\"@type\":\"ReadAction\",\"target\":[\"https:\/\/soignerenperigord.fr\/?p=8893\"]}]},{\"@type\":\"BreadcrumbList\",\"@id\":\"https:\/\/soignerenperigord.fr\/?p=8893#breadcrumb\",\"itemListElement\":[{\"@type\":\"ListItem\",\"position\":1,\"name\":\"Home\",\"item\":\"https:\/\/soignerenperigord.fr\/?page_id=1809\"},{\"@type\":\"ListItem\",\"position\":2,\"name\":\"L&rsquo;h\u00f4pital de P\u00e9rigueux veut r\u00e9habiliter son internat d&rsquo;ici 2024 pour attirer les jeunes m\u00e9decins\"}]},{\"@type\":\"WebSite\",\"@id\":\"https:\/\/soignerenperigord.fr\/#website\",\"url\":\"https:\/\/soignerenperigord.fr\/\",\"name\":\"SoignerEnPerigord\",\"description\":\"Un site utilisant WordPress\",\"potentialAction\":[{\"@type\":\"SearchAction\",\"target\":{\"@type\":\"EntryPoint\",\"urlTemplate\":\"https:\/\/soignerenperigord.fr\/?s={search_term_string}\"},\"query-input\":\"required name=search_term_string\"}],\"inLanguage\":\"fr-FR\"},{\"@type\":\"Person\",\"@id\":\"https:\/\/soignerenperigord.fr\/#\/schema\/person\/6dc431caec9622f6c68c260081885ab8\",\"name\":\"Jean-Yves Alexeline\",\"image\":{\"@type\":\"ImageObject\",\"inLanguage\":\"fr-FR\",\"@id\":\"https:\/\/soignerenperigord.fr\/#\/schema\/person\/image\/\",\"url\":\"https:\/\/secure.gravatar.com\/avatar\/fc3315ce43aa3e852903aa1b9f139910?s=96&d=mm&r=g\",\"contentUrl\":\"https:\/\/secure.gravatar.com\/avatar\/fc3315ce43aa3e852903aa1b9f139910?s=96&d=mm&r=g\",\"caption\":\"Jean-Yves Alexeline\"},\"sameAs\":[\"https:\/\/twitter.com\/jean-yves-alexeline@assurance-maladie.fr\"]}]}<\/script>\n<!-- \/ Yoast SEO plugin. -->","yoast_head_json":{"title":"L'h\u00f4pital de P\u00e9rigueux veut r\u00e9habiliter son internat d'ici 2024 pour attirer les jeunes m\u00e9decins - SoignerEnPerigord","robots":{"index":"index","follow":"follow","max-snippet":"max-snippet:-1","max-image-preview":"max-image-preview:large","max-video-preview":"max-video-preview:-1"},"canonical":"https:\/\/soignerenperigord.fr\/?p=8893","og_locale":"fr_FR","og_type":"article","og_title":"L'h\u00f4pital de P\u00e9rigueux veut r\u00e9habiliter son internat d'ici 2024 pour attirer les jeunes m\u00e9decins - SoignerEnPerigord","og_description":"L&#8217;internat de l&#8217;h\u00f4pital de P\u00e9rigueux va \u00eatre r\u00e9habilit\u00e9 en collaboration avec la mairie de la ville. L&#8217;enjeu est d&#8217;attirer les jeunes m\u00e9decins qui font leur stage \u00e0 P\u00e9rigueux pour qu&#8217;ils reviennent s&#8217;y installer. Lire l&#8217;article sur France Bleu P\u00e9rigord","og_url":"https:\/\/soignerenperigord.fr\/?p=8893","og_site_name":"SoignerEnPerigord","article_published_time":"2023-02-09T09:51:41+00:00","article_modified_time":"2023-02-09T09:51:42+00:00","og_image":[{"width":1210,"height":500,"url":"https:\/\/soignerenperigord.fr\/wp-content\/uploads\/2019\/07\/soigner-en-perigord-cadre-de-vie-medecin-dordogne-installation-remplacement.jpg","type":"image\/jpeg"}],"author":"Jean-Yves Alexeline","twitter_card":"summary_large_image","twitter_creator":"@jean-yves-alexeline@assurance-maladie.fr","twitter_misc":{"Written by":"Jean-Yves Alexeline"},"schema":{"@context":"https:\/\/schema.org","@graph":[{"@type":"WebPage","@id":"https:\/\/soignerenperigord.fr\/?p=8893","url":"https:\/\/soignerenperigord.fr\/?p=8893","name":"L'h\u00f4pital de P\u00e9rigueux veut r\u00e9habiliter son internat d'ici 2024 pour attirer les jeunes m\u00e9decins - SoignerEnPerigord","isPartOf":{"@id":"https:\/\/soignerenperigord.fr\/#website"},"datePublished":"2023-02-09T09:51:41+00:00","dateModified":"2023-02-09T09:51:42+00:00","author":{"@id":"https:\/\/soignerenperigord.fr\/#\/schema\/person\/6dc431caec9622f6c68c260081885ab8"},"breadcrumb":{"@id":"https:\/\/soignerenperigord.fr\/?p=8893#breadcrumb"},"inLanguage":"fr-FR","potentialAction":[{"@type":"ReadAction","target":["https:\/\/soignerenperigord.fr\/?p=8893"]}]},{"@type":"BreadcrumbList","@id":"https:\/\/soignerenperigord.fr\/?p=8893#breadcrumb","itemListElement":[{"@type":"ListItem","position":1,"name":"Home","item":"https:\/\/soignerenperigord.fr\/?page_id=1809"},{"@type":"ListItem","position":2,"name":"L&rsquo;h\u00f4pital de P\u00e9rigueux veut r\u00e9habiliter son internat d&rsquo;ici 2024 pour attirer les jeunes m\u00e9decins"}]},{"@type":"WebSite","@id":"https:\/\/soignerenperigord.fr\/#website","url":"https:\/\/soignerenperigord.fr\/","name":"SoignerEnPerigord","description":"Un site utilisant WordPress","potentialAction":[{"@type":"SearchAction","target":{"@type":"EntryPoint","urlTemplate":"https:\/\/soignerenperigord.fr\/?s={search_term_string}"},"query-input":"required name=search_term_string"}],"inLanguage":"fr-FR"},{"@type":"Person","@id":"https:\/\/soignerenperigord.fr\/#\/schema\/person\/6dc431caec9622f6c68c260081885ab8","name":"Jean-Yves Alexeline","image":{"@type":"ImageObject","inLanguage":"fr-FR","@id":"https:\/\/soignerenperigord.fr\/#\/schema\/person\/image\/","url":"https:\/\/secure.gravatar.com\/avatar\/fc3315ce43aa3e852903aa1b9f139910?s=96&d=mm&r=g","contentUrl":"https:\/\/secure.gravatar.com\/avatar\/fc3315ce43aa3e852903aa1b9f139910?s=96&d=mm&r=g","caption":"Jean-Yves Alexeline"},"sameAs":["https:\/\/twitter.com\/jean-yves-alexeline@assurance-maladie.fr"]}]}},"_links":{"self":[{"href":"https:\/\/soignerenperigord.fr\/index.php?rest_route=\/wp\/v2\/posts\/8893"}],"collection":[{"href":"https:\/\/soignerenperigord.fr\/index.php?rest_route=\/wp\/v2\/posts"}],"about":[{"href":"https:\/\/soignerenperigord.fr\/index.php?rest_route=\/wp\/v2\/types\/post"}],"author":[{"embeddable":true,"href":"https:\/\/soignerenperigord.fr\/index.php?rest_route=\/wp\/v2\/users\/19"}],"replies":[{"embeddable":true,"href":"https:\/\/soignerenperigord.fr\/index.php?rest_route=%2Fwp%2Fv2%2Fcomments&post=8893"}],"version-history":[{"count":1,"href":"https:\/\/soignerenperigord.fr\/index.php?rest_route=\/wp\/v2\/posts\/8893\/revisions"}],"predecessor-version":[{"id":8894,"href":"https:\/\/soignerenperigord.fr\/index.php?rest_route=\/wp\/v2\/posts\/8893\/revisions\/8894"}],"wp:featuredmedia":[{"embeddable":true,"href":"https:\/\/soignerenperigord.fr\/index.php?rest_route=\/wp\/v2\/media\/3570"}],"wp:attachment":[{"href":"https:\/\/soignerenperigord.fr\/index.php?rest_route=%2Fwp%2Fv2%2Fmedia&parent=8893"}],"wp:term":[{"taxonomy":"category","embeddable":true,"href":"https:\/\/soignerenperigord.fr\/index.php?rest_route=%2Fwp%2Fv2%2Fcategories&post=8893"},{"taxonomy":"post_tag","embeddable":true,"href":"https:\/\/soignerenperigord.fr\/index.php?rest_route=%2Fwp%2Fv2%2Ftags&post=8893"}],"curies":[{"name":"wp","href":"https:\/\/api.w.org\/{rel}","templated":true}]}}