{"id":8537,"date":"2022-12-14T14:13:49","date_gmt":"2022-12-14T13:13:49","guid":{"rendered":"https:\/\/soignerenperigord.fr\/?p=8537"},"modified":"2022-12-14T14:13:51","modified_gmt":"2022-12-14T13:13:51","slug":"cpts-de-bergerac-dans-le-jt-de-13h-de-tf1","status":"publish","type":"post","link":"https:\/\/soignerenperigord.fr\/?p=8537","title":{"rendered":"CPTS de Bergerac dans le JT de 13h de TF1"},"content":{"rendered":"\n<p><\/p>\n\n\n<p>Laurence souffre de g\u00eane respiratoire et doit effectuer un scanner. Son m\u00e9decin g\u00e9n\u00e9raliste peut lui trouver une place dans les 48 heures, alors qu&#8217;il faut attendre en g\u00e9n\u00e9ral plus d&#8217;un mois pour obtenir un rendez-vous \u00e0 Bergerac (Dordogne). A Bergerac, dix m\u00e9decins g\u00e9n\u00e9ralistes manquent \u00e0 l&#8217;appel. Alors, pour r\u00e9duire le temps d&#8217;attente, les soignants travaillent ensemble au sein d&#8217;une communaut\u00e9 professionnelle territoriale de sant\u00e9. Gr\u00e2ce \u00e0 son t\u00e9l\u00e9phone, cette infirmi\u00e8re peut effectuer ses soins en lien avec le m\u00e9decin. Le syst\u00e8me simplifie le parcours du patient jusqu&#8217;en pharmacie. Les ordonnances sont directement envoy\u00e9es en officine pour que tout soit pr\u00e9par\u00e9 \u00e0 l&#8217;avance. Ici, on cherche \u00e0 recruter un pharmacien, et cette association de soignants est un argument pour convaincre les candidats. Pour attirer les soignants, les responsables de l&#8217;association vont encore plus loin : logements, places en cr\u00e8che, il faut se pr\u00e9occuper de la famille du m\u00e9decin. Il existe 350 associations de ce type dans le pays. Elles devraient \u00eatre pr\u00e8s du double d&#8217;ici quelques ann\u00e9es.<\/p>\n<p>TF1 | Reportage A. Vieira, C. Brousseau<\/p>\n\n\n\n<iframe loading=\"lazy\" width=\"560\" height=\"315\" src=\"https:\/\/www.tf1.fr\/player\/8507cd9e-b9d3-476f-8c6e-e60469ebd310\" title=\"mytf1 video player\" frameborder=\"0\" allow=\"accelerometer; autoplay; clipboard-write; encrypted-media; gyroscope; picture-in-picture\" allowfullscreen><\/iframe>\n","protected":false},"excerpt":{"rendered":"","protected":false},"author":19,"featured_media":4914,"comment_status":"closed","ping_status":"open","sticky":false,"template":"","format":"standard","meta":[],"categories":[20],"tags":[],"acf":[],"yoast_head":"<!-- This site is optimized with the Yoast SEO plugin v19.13 - https:\/\/yoast.com\/wordpress\/plugins\/seo\/ -->\n<title>CPTS de Bergerac dans le JT de 13h de TF1 - SoignerEnPerigord<\/title>\n<meta name=\"robots\" content=\"index, follow, max-snippet:-1, max-image-preview:large, max-video-preview:-1\" \/>\n<link rel=\"canonical\" href=\"https:\/\/soignerenperigord.fr\/?p=8537\" \/>\n<meta property=\"og:locale\" content=\"fr_FR\" \/>\n<meta property=\"og:type\" content=\"article\" \/>\n<meta property=\"og:title\" content=\"CPTS de Bergerac dans le JT de 13h de TF1 - SoignerEnPerigord\" \/>\n<meta property=\"og:url\" content=\"https:\/\/soignerenperigord.fr\/?p=8537\" \/>\n<meta property=\"og:site_name\" content=\"SoignerEnPerigord\" \/>\n<meta property=\"article:published_time\" content=\"2022-12-14T13:13:49+00:00\" \/>\n<meta property=\"article:modified_time\" content=\"2022-12-14T13:13:51+00:00\" \/>\n<meta property=\"og:image\" content=\"https:\/\/soignerenperigord.fr\/wp-content\/uploads\/2020\/02\/bergerac.png\" \/>\n\t<meta property=\"og:image:width\" content=\"422\" \/>\n\t<meta property=\"og:image:height\" content=\"557\" \/>\n\t<meta property=\"og:image:type\" content=\"image\/png\" \/>\n<meta name=\"author\" content=\"Jean-Yves Alexeline\" \/>\n<meta name=\"twitter:card\" content=\"summary_large_image\" \/>\n<meta name=\"twitter:creator\" content=\"@jean-yves-alexeline@assurance-maladie.fr\" \/>\n<meta name=\"twitter:label1\" content=\"Written by\" \/>\n\t<meta name=\"twitter:data1\" content=\"Jean-Yves Alexeline\" \/>\n\t<meta name=\"twitter:label2\" content=\"Est. reading time\" \/>\n\t<meta name=\"twitter:data2\" content=\"1 minute\" \/>\n<script type=\"application\/ld+json\" class=\"yoast-schema-graph\">{\"@context\":\"https:\/\/schema.org\",\"@graph\":[{\"@type\":\"WebPage\",\"@id\":\"https:\/\/soignerenperigord.fr\/?p=8537\",\"url\":\"https:\/\/soignerenperigord.fr\/?p=8537\",\"name\":\"CPTS de Bergerac dans le JT de 13h de TF1 - SoignerEnPerigord\",\"isPartOf\":{\"@id\":\"https:\/\/soignerenperigord.fr\/#website\"},\"datePublished\":\"2022-12-14T13:13:49+00:00\",\"dateModified\":\"2022-12-14T13:13:51+00:00\",\"author\":{\"@id\":\"https:\/\/soignerenperigord.fr\/#\/schema\/person\/6dc431caec9622f6c68c260081885ab8\"},\"breadcrumb\":{\"@id\":\"https:\/\/soignerenperigord.fr\/?p=8537#breadcrumb\"},\"inLanguage\":\"fr-FR\",\"potentialAction\":[{\"@type\":\"ReadAction\",\"target\":[\"https:\/\/soignerenperigord.fr\/?p=8537\"]}]},{\"@type\":\"BreadcrumbList\",\"@id\":\"https:\/\/soignerenperigord.fr\/?p=8537#breadcrumb\",\"itemListElement\":[{\"@type\":\"ListItem\",\"position\":1,\"name\":\"Home\",\"item\":\"https:\/\/soignerenperigord.fr\/?page_id=1809\"},{\"@type\":\"ListItem\",\"position\":2,\"name\":\"CPTS de Bergerac dans le JT de 13h de TF1\"}]},{\"@type\":\"WebSite\",\"@id\":\"https:\/\/soignerenperigord.fr\/#website\",\"url\":\"https:\/\/soignerenperigord.fr\/\",\"name\":\"SoignerEnPerigord\",\"description\":\"Un site utilisant WordPress\",\"potentialAction\":[{\"@type\":\"SearchAction\",\"target\":{\"@type\":\"EntryPoint\",\"urlTemplate\":\"https:\/\/soignerenperigord.fr\/?s={search_term_string}\"},\"query-input\":\"required name=search_term_string\"}],\"inLanguage\":\"fr-FR\"},{\"@type\":\"Person\",\"@id\":\"https:\/\/soignerenperigord.fr\/#\/schema\/person\/6dc431caec9622f6c68c260081885ab8\",\"name\":\"Jean-Yves Alexeline\",\"image\":{\"@type\":\"ImageObject\",\"inLanguage\":\"fr-FR\",\"@id\":\"https:\/\/soignerenperigord.fr\/#\/schema\/person\/image\/\",\"url\":\"https:\/\/secure.gravatar.com\/avatar\/fc3315ce43aa3e852903aa1b9f139910?s=96&d=mm&r=g\",\"contentUrl\":\"https:\/\/secure.gravatar.com\/avatar\/fc3315ce43aa3e852903aa1b9f139910?s=96&d=mm&r=g\",\"caption\":\"Jean-Yves Alexeline\"},\"sameAs\":[\"https:\/\/twitter.com\/jean-yves-alexeline@assurance-maladie.fr\"]}]}<\/script>\n<!-- \/ Yoast SEO plugin. -->","yoast_head_json":{"title":"CPTS de Bergerac dans le JT de 13h de TF1 - SoignerEnPerigord","robots":{"index":"index","follow":"follow","max-snippet":"max-snippet:-1","max-image-preview":"max-image-preview:large","max-video-preview":"max-video-preview:-1"},"canonical":"https:\/\/soignerenperigord.fr\/?p=8537","og_locale":"fr_FR","og_type":"article","og_title":"CPTS de Bergerac dans le JT de 13h de TF1 - SoignerEnPerigord","og_url":"https:\/\/soignerenperigord.fr\/?p=8537","og_site_name":"SoignerEnPerigord","article_published_time":"2022-12-14T13:13:49+00:00","article_modified_time":"2022-12-14T13:13:51+00:00","og_image":[{"width":422,"height":557,"url":"https:\/\/soignerenperigord.fr\/wp-content\/uploads\/2020\/02\/bergerac.png","type":"image\/png"}],"author":"Jean-Yves Alexeline","twitter_card":"summary_large_image","twitter_creator":"@jean-yves-alexeline@assurance-maladie.fr","twitter_misc":{"Written by":"Jean-Yves Alexeline","Est. reading time":"1 minute"},"schema":{"@context":"https:\/\/schema.org","@graph":[{"@type":"WebPage","@id":"https:\/\/soignerenperigord.fr\/?p=8537","url":"https:\/\/soignerenperigord.fr\/?p=8537","name":"CPTS de Bergerac dans le JT de 13h de TF1 - SoignerEnPerigord","isPartOf":{"@id":"https:\/\/soignerenperigord.fr\/#website"},"datePublished":"2022-12-14T13:13:49+00:00","dateModified":"2022-12-14T13:13:51+00:00","author":{"@id":"https:\/\/soignerenperigord.fr\/#\/schema\/person\/6dc431caec9622f6c68c260081885ab8"},"breadcrumb":{"@id":"https:\/\/soignerenperigord.fr\/?p=8537#breadcrumb"},"inLanguage":"fr-FR","potentialAction":[{"@type":"ReadAction","target":["https:\/\/soignerenperigord.fr\/?p=8537"]}]},{"@type":"BreadcrumbList","@id":"https:\/\/soignerenperigord.fr\/?p=8537#breadcrumb","itemListElement":[{"@type":"ListItem","position":1,"name":"Home","item":"https:\/\/soignerenperigord.fr\/?page_id=1809"},{"@type":"ListItem","position":2,"name":"CPTS de Bergerac dans le JT de 13h de TF1"}]},{"@type":"WebSite","@id":"https:\/\/soignerenperigord.fr\/#website","url":"https:\/\/soignerenperigord.fr\/","name":"SoignerEnPerigord","description":"Un site utilisant WordPress","potentialAction":[{"@type":"SearchAction","target":{"@type":"EntryPoint","urlTemplate":"https:\/\/soignerenperigord.fr\/?s={search_term_string}"},"query-input":"required name=search_term_string"}],"inLanguage":"fr-FR"},{"@type":"Person","@id":"https:\/\/soignerenperigord.fr\/#\/schema\/person\/6dc431caec9622f6c68c260081885ab8","name":"Jean-Yves Alexeline","image":{"@type":"ImageObject","inLanguage":"fr-FR","@id":"https:\/\/soignerenperigord.fr\/#\/schema\/person\/image\/","url":"https:\/\/secure.gravatar.com\/avatar\/fc3315ce43aa3e852903aa1b9f139910?s=96&d=mm&r=g","contentUrl":"https:\/\/secure.gravatar.com\/avatar\/fc3315ce43aa3e852903aa1b9f139910?s=96&d=mm&r=g","caption":"Jean-Yves Alexeline"},"sameAs":["https:\/\/twitter.com\/jean-yves-alexeline@assurance-maladie.fr"]}]}},"_links":{"self":[{"href":"https:\/\/soignerenperigord.fr\/index.php?rest_route=\/wp\/v2\/posts\/8537"}],"collection":[{"href":"https:\/\/soignerenperigord.fr\/index.php?rest_route=\/wp\/v2\/posts"}],"about":[{"href":"https:\/\/soignerenperigord.fr\/index.php?rest_route=\/wp\/v2\/types\/post"}],"author":[{"embeddable":true,"href":"https:\/\/soignerenperigord.fr\/index.php?rest_route=\/wp\/v2\/users\/19"}],"replies":[{"embeddable":true,"href":"https:\/\/soignerenperigord.fr\/index.php?rest_route=%2Fwp%2Fv2%2Fcomments&post=8537"}],"version-history":[{"count":2,"href":"https:\/\/soignerenperigord.fr\/index.php?rest_route=\/wp\/v2\/posts\/8537\/revisions"}],"predecessor-version":[{"id":8539,"href":"https:\/\/soignerenperigord.fr\/index.php?rest_route=\/wp\/v2\/posts\/8537\/revisions\/8539"}],"wp:featuredmedia":[{"embeddable":true,"href":"https:\/\/soignerenperigord.fr\/index.php?rest_route=\/wp\/v2\/media\/4914"}],"wp:attachment":[{"href":"https:\/\/soignerenperigord.fr\/index.php?rest_route=%2Fwp%2Fv2%2Fmedia&parent=8537"}],"wp:term":[{"taxonomy":"category","embeddable":true,"href":"https:\/\/soignerenperigord.fr\/index.php?rest_route=%2Fwp%2Fv2%2Fcategories&post=8537"},{"taxonomy":"post_tag","embeddable":true,"href":"https:\/\/soignerenperigord.fr\/index.php?rest_route=%2Fwp%2Fv2%2Ftags&post=8537"}],"curies":[{"name":"wp","href":"https:\/\/api.w.org\/{rel}","templated":true}]}}