{"id":8161,"date":"2022-09-05T15:05:40","date_gmt":"2022-09-05T13:05:40","guid":{"rendered":"https:\/\/soignerenperigord.fr\/?p=8161"},"modified":"2022-09-05T15:13:10","modified_gmt":"2022-09-05T13:13:10","slug":"filiere-de-soins-en-dordogne-article-sudouest-linstitut-de-formation-des-ambulanciers-lance-au-campus-perigord","status":"publish","type":"post","link":"https:\/\/soignerenperigord.fr\/?p=8161","title":{"rendered":"Fili\u00e8re de soins en Dordogne &#8211; Article SUDOUEST &#8211; L&#8217;Institut de formation des ambulanciers lanc\u00e9 au Campus P\u00e9rigord"},"content":{"rendered":"\n<figure class=\"wp-block-embed-youtube wp-block-embed is-type-video is-provider-youtube wp-embed-aspect-16-9 wp-has-aspect-ratio\"><div class=\"wp-block-embed__wrapper\">\n<div class='avia-iframe-wrap'><iframe loading=\"lazy\" width=\"1500\" height=\"844\" src=\"https:\/\/www.youtube.com\/embed\/XrsQjHlwWaA?feature=oembed\" frameborder=\"0\" allow=\"accelerometer; autoplay; clipboard-write; encrypted-media; gyroscope; picture-in-picture\" allowfullscreen title=\"Ouverture de l' Institut de formation des ambulanciers (IFA) de P\u00e9rigueux\"><\/iframe><\/div>\n<\/div><figcaption><br>L\u2019Institut de formation aux m\u00e9tiers de la sant\u00e9 (IFMS) vient d&#8217;ouvrir sur le Campus P\u00e9rigord<\/figcaption><\/figure>\n\n\n\n<p>Pour voir l&#8217;article sur <strong>SUDOUEST<\/strong> <a href=\"https:\/\/www.sudouest.fr\/sante\/video-perigueux-l-institut-de-formation-des-ambulanciers-lance-au-campus-perigord-un-vrai-besoin-12112358.php\" target=\"_blank\" rel=\"noreferrer noopener\" aria-label=\"cliquez ici (s\u2019ouvre dans un nouvel onglet)\">cliquez ici<\/a>.<\/p>\n","protected":false},"excerpt":{"rendered":"<p>Pour voir l&#8217;article sur SUDOUEST cliquez ici.<\/p>\n","protected":false},"author":19,"featured_media":8167,"comment_status":"closed","ping_status":"open","sticky":false,"template":"","format":"standard","meta":[],"categories":[20],"tags":[],"acf":[],"yoast_head":"<!-- This site is optimized with the Yoast SEO plugin v19.13 - https:\/\/yoast.com\/wordpress\/plugins\/seo\/ -->\n<title>Fili\u00e8re de soins en Dordogne - Article SUDOUEST - L&#039;Institut de formation des ambulanciers lanc\u00e9 au Campus P\u00e9rigord - SoignerEnPerigord<\/title>\n<meta name=\"robots\" content=\"index, follow, max-snippet:-1, max-image-preview:large, max-video-preview:-1\" \/>\n<link rel=\"canonical\" href=\"https:\/\/soignerenperigord.fr\/?p=8161\" \/>\n<meta property=\"og:locale\" content=\"fr_FR\" \/>\n<meta property=\"og:type\" content=\"article\" \/>\n<meta property=\"og:title\" content=\"Fili\u00e8re de soins en Dordogne - Article SUDOUEST - L&#039;Institut de formation des ambulanciers lanc\u00e9 au Campus P\u00e9rigord - SoignerEnPerigord\" \/>\n<meta property=\"og:description\" content=\"Pour voir l&#8217;article sur SUDOUEST cliquez ici.\" \/>\n<meta property=\"og:url\" content=\"https:\/\/soignerenperigord.fr\/?p=8161\" \/>\n<meta property=\"og:site_name\" content=\"SoignerEnPerigord\" \/>\n<meta property=\"article:published_time\" content=\"2022-09-05T13:05:40+00:00\" \/>\n<meta property=\"article:modified_time\" content=\"2022-09-05T13:13:10+00:00\" \/>\n<meta property=\"og:image\" content=\"https:\/\/soignerenperigord.fr\/wp-content\/uploads\/2022\/09\/SEP2.jpg\" \/>\n\t<meta property=\"og:image:width\" content=\"678\" \/>\n\t<meta property=\"og:image:height\" content=\"438\" \/>\n\t<meta property=\"og:image:type\" content=\"image\/jpeg\" \/>\n<meta name=\"author\" content=\"Jean-Yves Alexeline\" \/>\n<meta name=\"twitter:card\" content=\"summary_large_image\" \/>\n<meta name=\"twitter:creator\" content=\"@jean-yves-alexeline@assurance-maladie.fr\" \/>\n<meta name=\"twitter:label1\" content=\"Written by\" \/>\n\t<meta name=\"twitter:data1\" content=\"Jean-Yves Alexeline\" \/>\n<script type=\"application\/ld+json\" class=\"yoast-schema-graph\">{\"@context\":\"https:\/\/schema.org\",\"@graph\":[{\"@type\":\"WebPage\",\"@id\":\"https:\/\/soignerenperigord.fr\/?p=8161\",\"url\":\"https:\/\/soignerenperigord.fr\/?p=8161\",\"name\":\"Fili\u00e8re de soins en Dordogne - Article SUDOUEST - L'Institut de formation des ambulanciers lanc\u00e9 au Campus P\u00e9rigord - SoignerEnPerigord\",\"isPartOf\":{\"@id\":\"https:\/\/soignerenperigord.fr\/#website\"},\"datePublished\":\"2022-09-05T13:05:40+00:00\",\"dateModified\":\"2022-09-05T13:13:10+00:00\",\"author\":{\"@id\":\"https:\/\/soignerenperigord.fr\/#\/schema\/person\/6dc431caec9622f6c68c260081885ab8\"},\"breadcrumb\":{\"@id\":\"https:\/\/soignerenperigord.fr\/?p=8161#breadcrumb\"},\"inLanguage\":\"fr-FR\",\"potentialAction\":[{\"@type\":\"ReadAction\",\"target\":[\"https:\/\/soignerenperigord.fr\/?p=8161\"]}]},{\"@type\":\"BreadcrumbList\",\"@id\":\"https:\/\/soignerenperigord.fr\/?p=8161#breadcrumb\",\"itemListElement\":[{\"@type\":\"ListItem\",\"position\":1,\"name\":\"Home\",\"item\":\"https:\/\/soignerenperigord.fr\/?page_id=1809\"},{\"@type\":\"ListItem\",\"position\":2,\"name\":\"Fili\u00e8re de soins en Dordogne &#8211; Article SUDOUEST &#8211; L&rsquo;Institut de formation des ambulanciers lanc\u00e9 au Campus P\u00e9rigord\"}]},{\"@type\":\"WebSite\",\"@id\":\"https:\/\/soignerenperigord.fr\/#website\",\"url\":\"https:\/\/soignerenperigord.fr\/\",\"name\":\"SoignerEnPerigord\",\"description\":\"Un site utilisant WordPress\",\"potentialAction\":[{\"@type\":\"SearchAction\",\"target\":{\"@type\":\"EntryPoint\",\"urlTemplate\":\"https:\/\/soignerenperigord.fr\/?s={search_term_string}\"},\"query-input\":\"required name=search_term_string\"}],\"inLanguage\":\"fr-FR\"},{\"@type\":\"Person\",\"@id\":\"https:\/\/soignerenperigord.fr\/#\/schema\/person\/6dc431caec9622f6c68c260081885ab8\",\"name\":\"Jean-Yves Alexeline\",\"image\":{\"@type\":\"ImageObject\",\"inLanguage\":\"fr-FR\",\"@id\":\"https:\/\/soignerenperigord.fr\/#\/schema\/person\/image\/\",\"url\":\"https:\/\/secure.gravatar.com\/avatar\/fc3315ce43aa3e852903aa1b9f139910?s=96&d=mm&r=g\",\"contentUrl\":\"https:\/\/secure.gravatar.com\/avatar\/fc3315ce43aa3e852903aa1b9f139910?s=96&d=mm&r=g\",\"caption\":\"Jean-Yves Alexeline\"},\"sameAs\":[\"https:\/\/twitter.com\/jean-yves-alexeline@assurance-maladie.fr\"]}]}<\/script>\n<!-- \/ Yoast SEO plugin. -->","yoast_head_json":{"title":"Fili\u00e8re de soins en Dordogne - Article SUDOUEST - L'Institut de formation des ambulanciers lanc\u00e9 au Campus P\u00e9rigord - SoignerEnPerigord","robots":{"index":"index","follow":"follow","max-snippet":"max-snippet:-1","max-image-preview":"max-image-preview:large","max-video-preview":"max-video-preview:-1"},"canonical":"https:\/\/soignerenperigord.fr\/?p=8161","og_locale":"fr_FR","og_type":"article","og_title":"Fili\u00e8re de soins en Dordogne - Article SUDOUEST - L'Institut de formation des ambulanciers lanc\u00e9 au Campus P\u00e9rigord - SoignerEnPerigord","og_description":"Pour voir l&#8217;article sur SUDOUEST cliquez ici.","og_url":"https:\/\/soignerenperigord.fr\/?p=8161","og_site_name":"SoignerEnPerigord","article_published_time":"2022-09-05T13:05:40+00:00","article_modified_time":"2022-09-05T13:13:10+00:00","og_image":[{"width":678,"height":438,"url":"https:\/\/soignerenperigord.fr\/wp-content\/uploads\/2022\/09\/SEP2.jpg","type":"image\/jpeg"}],"author":"Jean-Yves Alexeline","twitter_card":"summary_large_image","twitter_creator":"@jean-yves-alexeline@assurance-maladie.fr","twitter_misc":{"Written by":"Jean-Yves Alexeline"},"schema":{"@context":"https:\/\/schema.org","@graph":[{"@type":"WebPage","@id":"https:\/\/soignerenperigord.fr\/?p=8161","url":"https:\/\/soignerenperigord.fr\/?p=8161","name":"Fili\u00e8re de soins en Dordogne - Article SUDOUEST - L'Institut de formation des ambulanciers lanc\u00e9 au Campus P\u00e9rigord - SoignerEnPerigord","isPartOf":{"@id":"https:\/\/soignerenperigord.fr\/#website"},"datePublished":"2022-09-05T13:05:40+00:00","dateModified":"2022-09-05T13:13:10+00:00","author":{"@id":"https:\/\/soignerenperigord.fr\/#\/schema\/person\/6dc431caec9622f6c68c260081885ab8"},"breadcrumb":{"@id":"https:\/\/soignerenperigord.fr\/?p=8161#breadcrumb"},"inLanguage":"fr-FR","potentialAction":[{"@type":"ReadAction","target":["https:\/\/soignerenperigord.fr\/?p=8161"]}]},{"@type":"BreadcrumbList","@id":"https:\/\/soignerenperigord.fr\/?p=8161#breadcrumb","itemListElement":[{"@type":"ListItem","position":1,"name":"Home","item":"https:\/\/soignerenperigord.fr\/?page_id=1809"},{"@type":"ListItem","position":2,"name":"Fili\u00e8re de soins en Dordogne &#8211; Article SUDOUEST &#8211; L&rsquo;Institut de formation des ambulanciers lanc\u00e9 au Campus P\u00e9rigord"}]},{"@type":"WebSite","@id":"https:\/\/soignerenperigord.fr\/#website","url":"https:\/\/soignerenperigord.fr\/","name":"SoignerEnPerigord","description":"Un site utilisant WordPress","potentialAction":[{"@type":"SearchAction","target":{"@type":"EntryPoint","urlTemplate":"https:\/\/soignerenperigord.fr\/?s={search_term_string}"},"query-input":"required name=search_term_string"}],"inLanguage":"fr-FR"},{"@type":"Person","@id":"https:\/\/soignerenperigord.fr\/#\/schema\/person\/6dc431caec9622f6c68c260081885ab8","name":"Jean-Yves Alexeline","image":{"@type":"ImageObject","inLanguage":"fr-FR","@id":"https:\/\/soignerenperigord.fr\/#\/schema\/person\/image\/","url":"https:\/\/secure.gravatar.com\/avatar\/fc3315ce43aa3e852903aa1b9f139910?s=96&d=mm&r=g","contentUrl":"https:\/\/secure.gravatar.com\/avatar\/fc3315ce43aa3e852903aa1b9f139910?s=96&d=mm&r=g","caption":"Jean-Yves Alexeline"},"sameAs":["https:\/\/twitter.com\/jean-yves-alexeline@assurance-maladie.fr"]}]}},"_links":{"self":[{"href":"https:\/\/soignerenperigord.fr\/index.php?rest_route=\/wp\/v2\/posts\/8161"}],"collection":[{"href":"https:\/\/soignerenperigord.fr\/index.php?rest_route=\/wp\/v2\/posts"}],"about":[{"href":"https:\/\/soignerenperigord.fr\/index.php?rest_route=\/wp\/v2\/types\/post"}],"author":[{"embeddable":true,"href":"https:\/\/soignerenperigord.fr\/index.php?rest_route=\/wp\/v2\/users\/19"}],"replies":[{"embeddable":true,"href":"https:\/\/soignerenperigord.fr\/index.php?rest_route=%2Fwp%2Fv2%2Fcomments&post=8161"}],"version-history":[{"count":1,"href":"https:\/\/soignerenperigord.fr\/index.php?rest_route=\/wp\/v2\/posts\/8161\/revisions"}],"predecessor-version":[{"id":8162,"href":"https:\/\/soignerenperigord.fr\/index.php?rest_route=\/wp\/v2\/posts\/8161\/revisions\/8162"}],"wp:featuredmedia":[{"embeddable":true,"href":"https:\/\/soignerenperigord.fr\/index.php?rest_route=\/wp\/v2\/media\/8167"}],"wp:attachment":[{"href":"https:\/\/soignerenperigord.fr\/index.php?rest_route=%2Fwp%2Fv2%2Fmedia&parent=8161"}],"wp:term":[{"taxonomy":"category","embeddable":true,"href":"https:\/\/soignerenperigord.fr\/index.php?rest_route=%2Fwp%2Fv2%2Fcategories&post=8161"},{"taxonomy":"post_tag","embeddable":true,"href":"https:\/\/soignerenperigord.fr\/index.php?rest_route=%2Fwp%2Fv2%2Ftags&post=8161"}],"curies":[{"name":"wp","href":"https:\/\/api.w.org\/{rel}","templated":true}]}}