{"id":6599,"date":"2022-04-25T15:08:11","date_gmt":"2022-04-25T13:08:11","guid":{"rendered":"https:\/\/soignerenperigord.fr\/?p=6599"},"modified":"2022-04-25T15:39:10","modified_gmt":"2022-04-25T13:39:10","slug":"soignerenperigord-fr-present-au-forum-limousin-sante-territoire","status":"publish","type":"post","link":"https:\/\/soignerenperigord.fr\/?p=6599","title":{"rendered":"Soignerenperigord.fr pr\u00e9sent au Forum Limousin Sant\u00e9-Territoires"},"content":{"rendered":"\n<p>Le 15 avril dernier, l&#8217;\u00e9quipe du site <strong>Soignerenperigord.fr<\/strong> \u00e9tait pr\u00e9sent au <strong>Forum Limousin Sant\u00e9-Territoires<\/strong> organis\u00e9 par la Facult\u00e9 de M\u00e9decine et de Pharmacie de Limoges.<br><br> Le D\u00e9partement de la Dordogne et la CPAM ont fait la promotion de notre territoire, le P\u00e9rigord, aupr\u00e8s des \u00e9tudiants en m\u00e9decine. <br><br> Le stand a su capter l&#8217;attention des \u00e9tudiants. D\u00e9monstration du site <strong>Soignerenperigord.fr<\/strong>, remise de flyers, discussions sur les aides \u00e0 l&#8217;installation. <br><br> Les \u00e9tudiants, ont pu d\u00e9couvrir les <strong>annonces d\u00e9pos\u00e9es par les professionnels de sant\u00e9 de la Dordogne<\/strong> qui sont \u00e0 la recherche d&#8217;un rempla\u00e7ant, un associ\u00e9, un collaborateur ou de postes \u00e0 pourvoir en salariat.<br><br> Une annonce post\u00e9e par un PS, est li\u00e9e \u00e0 une <strong>cartographie<\/strong>. Celle-ci embarque de la <strong>DATA<\/strong> : offre de sant\u00e9 autour de l&#8217;annonce, donn\u00e9es socio-d\u00e9mographiques, socio-\u00e9conomiques, transports, qualit\u00e9 de vie et \u00e9ducation. Les \u00e9tudiants ont pu constater qu&#8217;ils n&#8217;\u00e9taient pas isol\u00e9s pour exercer leur m\u00e9tier.<\/p>\n\n\n\n<ul class=\"is-layout-flex wp-block-gallery-1 wp-block-gallery columns-3 is-cropped\"><li class=\"blocks-gallery-item\"><figure><img decoding=\"async\" loading=\"lazy\" width=\"600\" height=\"600\" src=\"https:\/\/soignerenperigord.fr\/wp-content\/uploads\/2022\/04\/SEP1.png\" alt=\"\" data-id=\"7043\" data-link=\"https:\/\/soignerenperigord.fr\/?attachment_id=7043\" class=\"wp-image-7043\" srcset=\"https:\/\/soignerenperigord.fr\/wp-content\/uploads\/2022\/04\/SEP1.png 600w, https:\/\/soignerenperigord.fr\/wp-content\/uploads\/2022\/04\/SEP1-80x80.png 80w, https:\/\/soignerenperigord.fr\/wp-content\/uploads\/2022\/04\/SEP1-300x300.png 300w, https:\/\/soignerenperigord.fr\/wp-content\/uploads\/2022\/04\/SEP1-36x36.png 36w, https:\/\/soignerenperigord.fr\/wp-content\/uploads\/2022\/04\/SEP1-180x180.png 180w, https:\/\/soignerenperigord.fr\/wp-content\/uploads\/2022\/04\/SEP1-120x120.png 120w, https:\/\/soignerenperigord.fr\/wp-content\/uploads\/2022\/04\/SEP1-450x450.png 450w\" sizes=\"(max-width: 600px) 100vw, 600px\" \/><\/figure><\/li><li class=\"blocks-gallery-item\"><figure><img decoding=\"async\" loading=\"lazy\" width=\"600\" height=\"600\" src=\"https:\/\/soignerenperigord.fr\/wp-content\/uploads\/2022\/04\/SEP2.png\" alt=\"\" data-id=\"7042\" data-link=\"https:\/\/soignerenperigord.fr\/?attachment_id=7042\" class=\"wp-image-7042\" srcset=\"https:\/\/soignerenperigord.fr\/wp-content\/uploads\/2022\/04\/SEP2.png 600w, https:\/\/soignerenperigord.fr\/wp-content\/uploads\/2022\/04\/SEP2-80x80.png 80w, https:\/\/soignerenperigord.fr\/wp-content\/uploads\/2022\/04\/SEP2-300x300.png 300w, https:\/\/soignerenperigord.fr\/wp-content\/uploads\/2022\/04\/SEP2-36x36.png 36w, https:\/\/soignerenperigord.fr\/wp-content\/uploads\/2022\/04\/SEP2-180x180.png 180w, https:\/\/soignerenperigord.fr\/wp-content\/uploads\/2022\/04\/SEP2-120x120.png 120w, https:\/\/soignerenperigord.fr\/wp-content\/uploads\/2022\/04\/SEP2-450x450.png 450w\" sizes=\"(max-width: 600px) 100vw, 600px\" \/><\/figure><\/li><li class=\"blocks-gallery-item\"><figure><img decoding=\"async\" loading=\"lazy\" width=\"1030\" height=\"773\" src=\"https:\/\/soignerenperigord.fr\/wp-content\/uploads\/2022\/04\/SEP4-1030x773.jpg\" alt=\"\" data-id=\"7049\" data-link=\"https:\/\/soignerenperigord.fr\/?attachment_id=7049\" class=\"wp-image-7049\" srcset=\"https:\/\/soignerenperigord.fr\/wp-content\/uploads\/2022\/04\/SEP4-1030x773.jpg 1030w, https:\/\/soignerenperigord.fr\/wp-content\/uploads\/2022\/04\/SEP4-300x225.jpg 300w, https:\/\/soignerenperigord.fr\/wp-content\/uploads\/2022\/04\/SEP4-768x576.jpg 768w, https:\/\/soignerenperigord.fr\/wp-content\/uploads\/2022\/04\/SEP4-1500x1125.jpg 1500w, https:\/\/soignerenperigord.fr\/wp-content\/uploads\/2022\/04\/SEP4-705x529.jpg 705w, https:\/\/soignerenperigord.fr\/wp-content\/uploads\/2022\/04\/SEP4-450x338.jpg 450w, https:\/\/soignerenperigord.fr\/wp-content\/uploads\/2022\/04\/SEP4.jpg 2016w\" sizes=\"(max-width: 1030px) 100vw, 1030px\" \/><\/figure><\/li><li class=\"blocks-gallery-item\"><figure><img decoding=\"async\" loading=\"lazy\" width=\"1030\" height=\"773\" src=\"https:\/\/soignerenperigord.fr\/wp-content\/uploads\/2022\/04\/SEP3-1030x773.jpg\" alt=\"\" data-id=\"7048\" data-link=\"https:\/\/soignerenperigord.fr\/?attachment_id=7048\" class=\"wp-image-7048\" srcset=\"https:\/\/soignerenperigord.fr\/wp-content\/uploads\/2022\/04\/SEP3-1030x773.jpg 1030w, https:\/\/soignerenperigord.fr\/wp-content\/uploads\/2022\/04\/SEP3-300x225.jpg 300w, https:\/\/soignerenperigord.fr\/wp-content\/uploads\/2022\/04\/SEP3-768x576.jpg 768w, https:\/\/soignerenperigord.fr\/wp-content\/uploads\/2022\/04\/SEP3-1500x1125.jpg 1500w, https:\/\/soignerenperigord.fr\/wp-content\/uploads\/2022\/04\/SEP3-705x529.jpg 705w, https:\/\/soignerenperigord.fr\/wp-content\/uploads\/2022\/04\/SEP3-450x338.jpg 450w, https:\/\/soignerenperigord.fr\/wp-content\/uploads\/2022\/04\/SEP3.jpg 2016w\" sizes=\"(max-width: 1030px) 100vw, 1030px\" \/><\/figure><\/li><\/ul>\n","protected":false},"excerpt":{"rendered":"<p>Le 15 avril dernier, l&#8217;\u00e9quipe du site Soignerenperigord.fr \u00e9tait pr\u00e9sent au Forum Limousin Sant\u00e9-Territoires organis\u00e9 par la Facult\u00e9 de M\u00e9decine et de Pharmacie de Limoges. Le D\u00e9partement de la Dordogne et la CPAM ont fait la promotion de notre territoire, le P\u00e9rigord, aupr\u00e8s des \u00e9tudiants en m\u00e9decine. Le stand a su capter l&#8217;attention des \u00e9tudiants. [&hellip;]<\/p>\n","protected":false},"author":1,"featured_media":7043,"comment_status":"closed","ping_status":"open","sticky":false,"template":"","format":"standard","meta":[],"categories":[20],"tags":[],"acf":[],"yoast_head":"<!-- This site is optimized with the Yoast SEO plugin v19.13 - https:\/\/yoast.com\/wordpress\/plugins\/seo\/ -->\n<title>Soignerenperigord.fr pr\u00e9sent au Forum Limousin Sant\u00e9-Territoires - SoignerEnPerigord<\/title>\n<meta name=\"robots\" content=\"index, follow, max-snippet:-1, max-image-preview:large, max-video-preview:-1\" \/>\n<link rel=\"canonical\" href=\"https:\/\/soignerenperigord.fr\/?p=6599\" \/>\n<meta property=\"og:locale\" content=\"fr_FR\" \/>\n<meta property=\"og:type\" content=\"article\" \/>\n<meta property=\"og:title\" content=\"Soignerenperigord.fr pr\u00e9sent au Forum Limousin Sant\u00e9-Territoires - SoignerEnPerigord\" \/>\n<meta property=\"og:description\" content=\"Le 15 avril dernier, l&#8217;\u00e9quipe du site Soignerenperigord.fr \u00e9tait pr\u00e9sent au Forum Limousin Sant\u00e9-Territoires organis\u00e9 par la Facult\u00e9 de M\u00e9decine et de Pharmacie de Limoges. Le D\u00e9partement de la Dordogne et la CPAM ont fait la promotion de notre territoire, le P\u00e9rigord, aupr\u00e8s des \u00e9tudiants en m\u00e9decine. Le stand a su capter l&#8217;attention des \u00e9tudiants. [&hellip;]\" \/>\n<meta property=\"og:url\" content=\"https:\/\/soignerenperigord.fr\/?p=6599\" \/>\n<meta property=\"og:site_name\" content=\"SoignerEnPerigord\" \/>\n<meta property=\"article:published_time\" content=\"2022-04-25T13:08:11+00:00\" \/>\n<meta property=\"article:modified_time\" content=\"2022-04-25T13:39:10+00:00\" \/>\n<meta property=\"og:image\" content=\"https:\/\/soignerenperigord.fr\/wp-content\/uploads\/2022\/04\/SEP1.png\" \/>\n\t<meta property=\"og:image:width\" content=\"600\" \/>\n\t<meta property=\"og:image:height\" content=\"600\" \/>\n\t<meta property=\"og:image:type\" content=\"image\/png\" \/>\n<meta name=\"author\" content=\"denis.martin\" \/>\n<meta name=\"twitter:card\" content=\"summary_large_image\" \/>\n<meta name=\"twitter:label1\" content=\"Written by\" \/>\n\t<meta name=\"twitter:data1\" content=\"denis.martin\" \/>\n\t<meta name=\"twitter:label2\" content=\"Est. reading time\" \/>\n\t<meta name=\"twitter:data2\" content=\"1 minute\" \/>\n<script type=\"application\/ld+json\" class=\"yoast-schema-graph\">{\"@context\":\"https:\/\/schema.org\",\"@graph\":[{\"@type\":\"WebPage\",\"@id\":\"https:\/\/soignerenperigord.fr\/?p=6599\",\"url\":\"https:\/\/soignerenperigord.fr\/?p=6599\",\"name\":\"Soignerenperigord.fr pr\u00e9sent au Forum Limousin Sant\u00e9-Territoires - SoignerEnPerigord\",\"isPartOf\":{\"@id\":\"https:\/\/soignerenperigord.fr\/#website\"},\"datePublished\":\"2022-04-25T13:08:11+00:00\",\"dateModified\":\"2022-04-25T13:39:10+00:00\",\"author\":{\"@id\":\"https:\/\/soignerenperigord.fr\/#\/schema\/person\/c1990ac98d4df9f748c2b5cd894f4852\"},\"breadcrumb\":{\"@id\":\"https:\/\/soignerenperigord.fr\/?p=6599#breadcrumb\"},\"inLanguage\":\"fr-FR\",\"potentialAction\":[{\"@type\":\"ReadAction\",\"target\":[\"https:\/\/soignerenperigord.fr\/?p=6599\"]}]},{\"@type\":\"BreadcrumbList\",\"@id\":\"https:\/\/soignerenperigord.fr\/?p=6599#breadcrumb\",\"itemListElement\":[{\"@type\":\"ListItem\",\"position\":1,\"name\":\"Home\",\"item\":\"https:\/\/soignerenperigord.fr\/?page_id=1809\"},{\"@type\":\"ListItem\",\"position\":2,\"name\":\"Soignerenperigord.fr pr\u00e9sent au Forum Limousin Sant\u00e9-Territoires\"}]},{\"@type\":\"WebSite\",\"@id\":\"https:\/\/soignerenperigord.fr\/#website\",\"url\":\"https:\/\/soignerenperigord.fr\/\",\"name\":\"SoignerEnPerigord\",\"description\":\"Un site utilisant WordPress\",\"potentialAction\":[{\"@type\":\"SearchAction\",\"target\":{\"@type\":\"EntryPoint\",\"urlTemplate\":\"https:\/\/soignerenperigord.fr\/?s={search_term_string}\"},\"query-input\":\"required name=search_term_string\"}],\"inLanguage\":\"fr-FR\"},{\"@type\":\"Person\",\"@id\":\"https:\/\/soignerenperigord.fr\/#\/schema\/person\/c1990ac98d4df9f748c2b5cd894f4852\",\"name\":\"denis.martin\",\"image\":{\"@type\":\"ImageObject\",\"inLanguage\":\"fr-FR\",\"@id\":\"https:\/\/soignerenperigord.fr\/#\/schema\/person\/image\/\",\"url\":\"https:\/\/secure.gravatar.com\/avatar\/0482e448fe8c0c04e4aa66ae167f28e2?s=96&d=mm&r=g\",\"contentUrl\":\"https:\/\/secure.gravatar.com\/avatar\/0482e448fe8c0c04e4aa66ae167f28e2?s=96&d=mm&r=g\",\"caption\":\"denis.martin\"}}]}<\/script>\n<!-- \/ Yoast SEO plugin. -->","yoast_head_json":{"title":"Soignerenperigord.fr pr\u00e9sent au Forum Limousin Sant\u00e9-Territoires - SoignerEnPerigord","robots":{"index":"index","follow":"follow","max-snippet":"max-snippet:-1","max-image-preview":"max-image-preview:large","max-video-preview":"max-video-preview:-1"},"canonical":"https:\/\/soignerenperigord.fr\/?p=6599","og_locale":"fr_FR","og_type":"article","og_title":"Soignerenperigord.fr pr\u00e9sent au Forum Limousin Sant\u00e9-Territoires - SoignerEnPerigord","og_description":"Le 15 avril dernier, l&#8217;\u00e9quipe du site Soignerenperigord.fr \u00e9tait pr\u00e9sent au Forum Limousin Sant\u00e9-Territoires organis\u00e9 par la Facult\u00e9 de M\u00e9decine et de Pharmacie de Limoges. Le D\u00e9partement de la Dordogne et la CPAM ont fait la promotion de notre territoire, le P\u00e9rigord, aupr\u00e8s des \u00e9tudiants en m\u00e9decine. Le stand a su capter l&#8217;attention des \u00e9tudiants. [&hellip;]","og_url":"https:\/\/soignerenperigord.fr\/?p=6599","og_site_name":"SoignerEnPerigord","article_published_time":"2022-04-25T13:08:11+00:00","article_modified_time":"2022-04-25T13:39:10+00:00","og_image":[{"width":600,"height":600,"url":"https:\/\/soignerenperigord.fr\/wp-content\/uploads\/2022\/04\/SEP1.png","type":"image\/png"}],"author":"denis.martin","twitter_card":"summary_large_image","twitter_misc":{"Written by":"denis.martin","Est. reading time":"1 minute"},"schema":{"@context":"https:\/\/schema.org","@graph":[{"@type":"WebPage","@id":"https:\/\/soignerenperigord.fr\/?p=6599","url":"https:\/\/soignerenperigord.fr\/?p=6599","name":"Soignerenperigord.fr pr\u00e9sent au Forum Limousin Sant\u00e9-Territoires - SoignerEnPerigord","isPartOf":{"@id":"https:\/\/soignerenperigord.fr\/#website"},"datePublished":"2022-04-25T13:08:11+00:00","dateModified":"2022-04-25T13:39:10+00:00","author":{"@id":"https:\/\/soignerenperigord.fr\/#\/schema\/person\/c1990ac98d4df9f748c2b5cd894f4852"},"breadcrumb":{"@id":"https:\/\/soignerenperigord.fr\/?p=6599#breadcrumb"},"inLanguage":"fr-FR","potentialAction":[{"@type":"ReadAction","target":["https:\/\/soignerenperigord.fr\/?p=6599"]}]},{"@type":"BreadcrumbList","@id":"https:\/\/soignerenperigord.fr\/?p=6599#breadcrumb","itemListElement":[{"@type":"ListItem","position":1,"name":"Home","item":"https:\/\/soignerenperigord.fr\/?page_id=1809"},{"@type":"ListItem","position":2,"name":"Soignerenperigord.fr pr\u00e9sent au Forum Limousin Sant\u00e9-Territoires"}]},{"@type":"WebSite","@id":"https:\/\/soignerenperigord.fr\/#website","url":"https:\/\/soignerenperigord.fr\/","name":"SoignerEnPerigord","description":"Un site utilisant WordPress","potentialAction":[{"@type":"SearchAction","target":{"@type":"EntryPoint","urlTemplate":"https:\/\/soignerenperigord.fr\/?s={search_term_string}"},"query-input":"required name=search_term_string"}],"inLanguage":"fr-FR"},{"@type":"Person","@id":"https:\/\/soignerenperigord.fr\/#\/schema\/person\/c1990ac98d4df9f748c2b5cd894f4852","name":"denis.martin","image":{"@type":"ImageObject","inLanguage":"fr-FR","@id":"https:\/\/soignerenperigord.fr\/#\/schema\/person\/image\/","url":"https:\/\/secure.gravatar.com\/avatar\/0482e448fe8c0c04e4aa66ae167f28e2?s=96&d=mm&r=g","contentUrl":"https:\/\/secure.gravatar.com\/avatar\/0482e448fe8c0c04e4aa66ae167f28e2?s=96&d=mm&r=g","caption":"denis.martin"}}]}},"_links":{"self":[{"href":"https:\/\/soignerenperigord.fr\/index.php?rest_route=\/wp\/v2\/posts\/6599"}],"collection":[{"href":"https:\/\/soignerenperigord.fr\/index.php?rest_route=\/wp\/v2\/posts"}],"about":[{"href":"https:\/\/soignerenperigord.fr\/index.php?rest_route=\/wp\/v2\/types\/post"}],"author":[{"embeddable":true,"href":"https:\/\/soignerenperigord.fr\/index.php?rest_route=\/wp\/v2\/users\/1"}],"replies":[{"embeddable":true,"href":"https:\/\/soignerenperigord.fr\/index.php?rest_route=%2Fwp%2Fv2%2Fcomments&post=6599"}],"version-history":[{"count":11,"href":"https:\/\/soignerenperigord.fr\/index.php?rest_route=\/wp\/v2\/posts\/6599\/revisions"}],"predecessor-version":[{"id":7058,"href":"https:\/\/soignerenperigord.fr\/index.php?rest_route=\/wp\/v2\/posts\/6599\/revisions\/7058"}],"wp:featuredmedia":[{"embeddable":true,"href":"https:\/\/soignerenperigord.fr\/index.php?rest_route=\/wp\/v2\/media\/7043"}],"wp:attachment":[{"href":"https:\/\/soignerenperigord.fr\/index.php?rest_route=%2Fwp%2Fv2%2Fmedia&parent=6599"}],"wp:term":[{"taxonomy":"category","embeddable":true,"href":"https:\/\/soignerenperigord.fr\/index.php?rest_route=%2Fwp%2Fv2%2Fcategories&post=6599"},{"taxonomy":"post_tag","embeddable":true,"href":"https:\/\/soignerenperigord.fr\/index.php?rest_route=%2Fwp%2Fv2%2Ftags&post=6599"}],"curies":[{"name":"wp","href":"https:\/\/api.w.org\/{rel}","templated":true}]}}