{"id":6239,"date":"2021-05-26T08:31:56","date_gmt":"2021-05-26T06:31:56","guid":{"rendered":"https:\/\/soignerenperigord.fr\/?p=6239"},"modified":"2021-05-27T09:21:32","modified_gmt":"2021-05-27T07:21:32","slug":"une-maison-de-sante-a-saint-cyprien","status":"publish","type":"post","link":"https:\/\/soignerenperigord.fr\/?p=6239","title":{"rendered":"Une maison de sant\u00e9 \u00e0 Saint-Cyprien"},"content":{"rendered":"\n<p>Le terrain d\u2019implantation de la Maison de Sant\u00e9 est situ\u00e9 <strong>au c\u0153ur du bourg de St Cyprien<\/strong>, \u00e0 proximit\u00e9 d\u2019une zone r\u00e9sidentielle,&nbsp; non loin des commerces et des diff\u00e9rents services de proximit\u00e9 dans une zone nomm\u00e9e Le Priolat, desservie au nord par la rue de la Grange des P\u00e8res, \u00e0 l\u2019Est par la rue Sainte Sabine (RD49).<\/p>\n\n\n\n<p>La Maison de sant\u00e9 d\u2019une superficie de 1240m2 (hors abords) est implant\u00e9e sur une surface totale de de 14 000&nbsp; m 2 .  <br><strong>Elle r\u00e9pondra aux besoins de tout un territoire concern\u00e9 par le risque de d\u00e9sertification m\u00e9dicale, au-del\u00e0 des limites communales.<\/strong> <\/p>\n\n\n\n<p><strong>Les&nbsp; professionnels en exercice sur la commune se sont engag\u00e9s dans cette op\u00e9ration <\/strong>et ont obtenu&nbsp; aupr\u00e8s de l\u2019Agence R\u00e9gionale de Sant\u00e9 la&nbsp; labellisation du projet (projet d\u2019organisation pluri-professionnelle consistant \u00e0 \u00e9laborer les protocoles de prises en charge des patients dans la nouvelle structure).<\/p>\n\n\n\n<p>La Maison de Sant\u00e9 va permettre d\u2019accueillir une vingtaine de professionnels. Elle compte d\u00e9j\u00e0 4 m\u00e9decins, 2 cabinets d\u2019infirmi\u00e8res, 2 kin\u00e9sith\u00e9rapeutes, 1 podologue, 1 ost\u00e9opathe, 1 psychologue, 1 di\u00e9t\u00e9ticienne. Des&nbsp; cabinets suppl\u00e9mentaires sont r\u00e9serv\u00e9s pour les vacations de sp\u00e9cialistes. Elle sera dot\u00e9e \u00e9galement <strong>d\u2019une salle de t\u00e9l\u00e9m\u00e9decine et d\u2019une salle d\u2019urgence.<\/strong><\/p>\n\n\n\n<p>Deux &nbsp;logements permettront de recevoir les rempla\u00e7ants ou stagiaires des diff\u00e9rents professionnels. <\/p>\n\n\n\n<figure class=\"wp-block-image\"><img decoding=\"async\" loading=\"lazy\" width=\"1030\" height=\"328\" src=\"https:\/\/soignerenperigord.fr\/wp-content\/uploads\/2021\/05\/IMG_2477-1030x328.jpg\" alt=\"\" class=\"wp-image-6247\" srcset=\"https:\/\/soignerenperigord.fr\/wp-content\/uploads\/2021\/05\/IMG_2477-1030x328.jpg 1030w, https:\/\/soignerenperigord.fr\/wp-content\/uploads\/2021\/05\/IMG_2477-300x96.jpg 300w, https:\/\/soignerenperigord.fr\/wp-content\/uploads\/2021\/05\/IMG_2477-768x245.jpg 768w, https:\/\/soignerenperigord.fr\/wp-content\/uploads\/2021\/05\/IMG_2477-1500x478.jpg 1500w, https:\/\/soignerenperigord.fr\/wp-content\/uploads\/2021\/05\/IMG_2477-705x225.jpg 705w, https:\/\/soignerenperigord.fr\/wp-content\/uploads\/2021\/05\/IMG_2477-450x143.jpg 450w\" sizes=\"(max-width: 1030px) 100vw, 1030px\" \/><figcaption>Travaux d&#8217;am\u00e9nagement int\u00e9rieur<\/figcaption><\/figure>\n\n\n\n<p><\/p>\n","protected":false},"excerpt":{"rendered":"<p>Le terrain d\u2019implantation de la Maison de Sant\u00e9 est situ\u00e9 au c\u0153ur du bourg de St Cyprien, \u00e0 proximit\u00e9 d\u2019une zone r\u00e9sidentielle,&nbsp; non loin des commerces et des diff\u00e9rents services de proximit\u00e9 dans une zone nomm\u00e9e Le Priolat, desservie au nord par la rue de la Grange des P\u00e8res, \u00e0 l\u2019Est par la rue Sainte [&hellip;]<\/p>\n","protected":false},"author":50,"featured_media":6240,"comment_status":"closed","ping_status":"open","sticky":false,"template":"","format":"standard","meta":[],"categories":[20],"tags":[],"acf":[],"yoast_head":"<!-- This site is optimized with the Yoast SEO plugin v19.13 - https:\/\/yoast.com\/wordpress\/plugins\/seo\/ -->\n<title>Une maison de sant\u00e9 \u00e0 Saint-Cyprien - SoignerEnPerigord<\/title>\n<meta name=\"robots\" content=\"index, follow, max-snippet:-1, max-image-preview:large, max-video-preview:-1\" \/>\n<link rel=\"canonical\" href=\"https:\/\/soignerenperigord.fr\/?p=6239\" \/>\n<meta property=\"og:locale\" content=\"fr_FR\" \/>\n<meta property=\"og:type\" content=\"article\" \/>\n<meta property=\"og:title\" content=\"Une maison de sant\u00e9 \u00e0 Saint-Cyprien - SoignerEnPerigord\" \/>\n<meta property=\"og:description\" content=\"Le terrain d\u2019implantation de la Maison de Sant\u00e9 est situ\u00e9 au c\u0153ur du bourg de St Cyprien, \u00e0 proximit\u00e9 d\u2019une zone r\u00e9sidentielle,&nbsp; non loin des commerces et des diff\u00e9rents services de proximit\u00e9 dans une zone nomm\u00e9e Le Priolat, desservie au nord par la rue de la Grange des P\u00e8res, \u00e0 l\u2019Est par la rue Sainte [&hellip;]\" \/>\n<meta property=\"og:url\" content=\"https:\/\/soignerenperigord.fr\/?p=6239\" \/>\n<meta property=\"og:site_name\" content=\"SoignerEnPerigord\" \/>\n<meta property=\"article:published_time\" content=\"2021-05-26T06:31:56+00:00\" \/>\n<meta property=\"article:modified_time\" content=\"2021-05-27T07:21:32+00:00\" \/>\n<meta property=\"og:image\" content=\"https:\/\/soignerenperigord.fr\/wp-content\/uploads\/2021\/05\/MSP-St-Cyprien.jpg\" \/>\n\t<meta property=\"og:image:width\" content=\"1007\" \/>\n\t<meta property=\"og:image:height\" content=\"585\" \/>\n\t<meta property=\"og:image:type\" content=\"image\/jpeg\" \/>\n<meta name=\"author\" content=\"Jean-Fran\u00e7ois JEANNOT\" \/>\n<meta name=\"twitter:card\" content=\"summary_large_image\" \/>\n<meta name=\"twitter:label1\" content=\"Written by\" \/>\n\t<meta name=\"twitter:data1\" content=\"Jean-Fran\u00e7ois JEANNOT\" \/>\n\t<meta name=\"twitter:label2\" content=\"Est. reading time\" \/>\n\t<meta name=\"twitter:data2\" content=\"1 minute\" \/>\n<script type=\"application\/ld+json\" class=\"yoast-schema-graph\">{\"@context\":\"https:\/\/schema.org\",\"@graph\":[{\"@type\":\"WebPage\",\"@id\":\"https:\/\/soignerenperigord.fr\/?p=6239\",\"url\":\"https:\/\/soignerenperigord.fr\/?p=6239\",\"name\":\"Une maison de sant\u00e9 \u00e0 Saint-Cyprien - SoignerEnPerigord\",\"isPartOf\":{\"@id\":\"https:\/\/soignerenperigord.fr\/#website\"},\"datePublished\":\"2021-05-26T06:31:56+00:00\",\"dateModified\":\"2021-05-27T07:21:32+00:00\",\"author\":{\"@id\":\"https:\/\/soignerenperigord.fr\/#\/schema\/person\/42a30b70495c8aabf2c0ebf36f274777\"},\"breadcrumb\":{\"@id\":\"https:\/\/soignerenperigord.fr\/?p=6239#breadcrumb\"},\"inLanguage\":\"fr-FR\",\"potentialAction\":[{\"@type\":\"ReadAction\",\"target\":[\"https:\/\/soignerenperigord.fr\/?p=6239\"]}]},{\"@type\":\"BreadcrumbList\",\"@id\":\"https:\/\/soignerenperigord.fr\/?p=6239#breadcrumb\",\"itemListElement\":[{\"@type\":\"ListItem\",\"position\":1,\"name\":\"Home\",\"item\":\"https:\/\/soignerenperigord.fr\/?page_id=1809\"},{\"@type\":\"ListItem\",\"position\":2,\"name\":\"Une maison de sant\u00e9 \u00e0 Saint-Cyprien\"}]},{\"@type\":\"WebSite\",\"@id\":\"https:\/\/soignerenperigord.fr\/#website\",\"url\":\"https:\/\/soignerenperigord.fr\/\",\"name\":\"SoignerEnPerigord\",\"description\":\"Un site utilisant WordPress\",\"potentialAction\":[{\"@type\":\"SearchAction\",\"target\":{\"@type\":\"EntryPoint\",\"urlTemplate\":\"https:\/\/soignerenperigord.fr\/?s={search_term_string}\"},\"query-input\":\"required name=search_term_string\"}],\"inLanguage\":\"fr-FR\"},{\"@type\":\"Person\",\"@id\":\"https:\/\/soignerenperigord.fr\/#\/schema\/person\/42a30b70495c8aabf2c0ebf36f274777\",\"name\":\"Jean-Fran\u00e7ois JEANNOT\",\"image\":{\"@type\":\"ImageObject\",\"inLanguage\":\"fr-FR\",\"@id\":\"https:\/\/soignerenperigord.fr\/#\/schema\/person\/image\/\",\"url\":\"https:\/\/secure.gravatar.com\/avatar\/71e5798eda10d568e86ca38850a30e60?s=96&d=mm&r=g\",\"contentUrl\":\"https:\/\/secure.gravatar.com\/avatar\/71e5798eda10d568e86ca38850a30e60?s=96&d=mm&r=g\",\"caption\":\"Jean-Fran\u00e7ois JEANNOT\"}}]}<\/script>\n<!-- \/ Yoast SEO plugin. -->","yoast_head_json":{"title":"Une maison de sant\u00e9 \u00e0 Saint-Cyprien - SoignerEnPerigord","robots":{"index":"index","follow":"follow","max-snippet":"max-snippet:-1","max-image-preview":"max-image-preview:large","max-video-preview":"max-video-preview:-1"},"canonical":"https:\/\/soignerenperigord.fr\/?p=6239","og_locale":"fr_FR","og_type":"article","og_title":"Une maison de sant\u00e9 \u00e0 Saint-Cyprien - SoignerEnPerigord","og_description":"Le terrain d\u2019implantation de la Maison de Sant\u00e9 est situ\u00e9 au c\u0153ur du bourg de St Cyprien, \u00e0 proximit\u00e9 d\u2019une zone r\u00e9sidentielle,&nbsp; non loin des commerces et des diff\u00e9rents services de proximit\u00e9 dans une zone nomm\u00e9e Le Priolat, desservie au nord par la rue de la Grange des P\u00e8res, \u00e0 l\u2019Est par la rue Sainte [&hellip;]","og_url":"https:\/\/soignerenperigord.fr\/?p=6239","og_site_name":"SoignerEnPerigord","article_published_time":"2021-05-26T06:31:56+00:00","article_modified_time":"2021-05-27T07:21:32+00:00","og_image":[{"width":1007,"height":585,"url":"https:\/\/soignerenperigord.fr\/wp-content\/uploads\/2021\/05\/MSP-St-Cyprien.jpg","type":"image\/jpeg"}],"author":"Jean-Fran\u00e7ois JEANNOT","twitter_card":"summary_large_image","twitter_misc":{"Written by":"Jean-Fran\u00e7ois JEANNOT","Est. reading time":"1 minute"},"schema":{"@context":"https:\/\/schema.org","@graph":[{"@type":"WebPage","@id":"https:\/\/soignerenperigord.fr\/?p=6239","url":"https:\/\/soignerenperigord.fr\/?p=6239","name":"Une maison de sant\u00e9 \u00e0 Saint-Cyprien - SoignerEnPerigord","isPartOf":{"@id":"https:\/\/soignerenperigord.fr\/#website"},"datePublished":"2021-05-26T06:31:56+00:00","dateModified":"2021-05-27T07:21:32+00:00","author":{"@id":"https:\/\/soignerenperigord.fr\/#\/schema\/person\/42a30b70495c8aabf2c0ebf36f274777"},"breadcrumb":{"@id":"https:\/\/soignerenperigord.fr\/?p=6239#breadcrumb"},"inLanguage":"fr-FR","potentialAction":[{"@type":"ReadAction","target":["https:\/\/soignerenperigord.fr\/?p=6239"]}]},{"@type":"BreadcrumbList","@id":"https:\/\/soignerenperigord.fr\/?p=6239#breadcrumb","itemListElement":[{"@type":"ListItem","position":1,"name":"Home","item":"https:\/\/soignerenperigord.fr\/?page_id=1809"},{"@type":"ListItem","position":2,"name":"Une maison de sant\u00e9 \u00e0 Saint-Cyprien"}]},{"@type":"WebSite","@id":"https:\/\/soignerenperigord.fr\/#website","url":"https:\/\/soignerenperigord.fr\/","name":"SoignerEnPerigord","description":"Un site utilisant WordPress","potentialAction":[{"@type":"SearchAction","target":{"@type":"EntryPoint","urlTemplate":"https:\/\/soignerenperigord.fr\/?s={search_term_string}"},"query-input":"required name=search_term_string"}],"inLanguage":"fr-FR"},{"@type":"Person","@id":"https:\/\/soignerenperigord.fr\/#\/schema\/person\/42a30b70495c8aabf2c0ebf36f274777","name":"Jean-Fran\u00e7ois JEANNOT","image":{"@type":"ImageObject","inLanguage":"fr-FR","@id":"https:\/\/soignerenperigord.fr\/#\/schema\/person\/image\/","url":"https:\/\/secure.gravatar.com\/avatar\/71e5798eda10d568e86ca38850a30e60?s=96&d=mm&r=g","contentUrl":"https:\/\/secure.gravatar.com\/avatar\/71e5798eda10d568e86ca38850a30e60?s=96&d=mm&r=g","caption":"Jean-Fran\u00e7ois JEANNOT"}}]}},"_links":{"self":[{"href":"https:\/\/soignerenperigord.fr\/index.php?rest_route=\/wp\/v2\/posts\/6239"}],"collection":[{"href":"https:\/\/soignerenperigord.fr\/index.php?rest_route=\/wp\/v2\/posts"}],"about":[{"href":"https:\/\/soignerenperigord.fr\/index.php?rest_route=\/wp\/v2\/types\/post"}],"author":[{"embeddable":true,"href":"https:\/\/soignerenperigord.fr\/index.php?rest_route=\/wp\/v2\/users\/50"}],"replies":[{"embeddable":true,"href":"https:\/\/soignerenperigord.fr\/index.php?rest_route=%2Fwp%2Fv2%2Fcomments&post=6239"}],"version-history":[{"count":6,"href":"https:\/\/soignerenperigord.fr\/index.php?rest_route=\/wp\/v2\/posts\/6239\/revisions"}],"predecessor-version":[{"id":6248,"href":"https:\/\/soignerenperigord.fr\/index.php?rest_route=\/wp\/v2\/posts\/6239\/revisions\/6248"}],"wp:featuredmedia":[{"embeddable":true,"href":"https:\/\/soignerenperigord.fr\/index.php?rest_route=\/wp\/v2\/media\/6240"}],"wp:attachment":[{"href":"https:\/\/soignerenperigord.fr\/index.php?rest_route=%2Fwp%2Fv2%2Fmedia&parent=6239"}],"wp:term":[{"taxonomy":"category","embeddable":true,"href":"https:\/\/soignerenperigord.fr\/index.php?rest_route=%2Fwp%2Fv2%2Fcategories&post=6239"},{"taxonomy":"post_tag","embeddable":true,"href":"https:\/\/soignerenperigord.fr\/index.php?rest_route=%2Fwp%2Fv2%2Ftags&post=6239"}],"curies":[{"name":"wp","href":"https:\/\/api.w.org\/{rel}","templated":true}]}}