{"id":5994,"date":"2021-03-23T12:46:52","date_gmt":"2021-03-23T11:46:52","guid":{"rendered":"https:\/\/soignerenperigord.fr\/?p=5994"},"modified":"2021-03-23T12:58:59","modified_gmt":"2021-03-23T11:58:59","slug":"lexercice-coordonne-quesako","status":"publish","type":"post","link":"https:\/\/soignerenperigord.fr\/?p=5994","title":{"rendered":"L&#8217;exercice coordonn\u00e9 : Qu\u00e9sako ?"},"content":{"rendered":"<section  class='av_textblock_section av-kmly8266-7fcd2b08f25136ddb526cb7f0b5d9284'  itemscope=\"itemscope\" itemtype=\"https:\/\/schema.org\/BlogPosting\" itemprop=\"blogPost\" ><div class='avia_textblock'  itemprop=\"text\" ><p>Vous \u00eates d\u00e9j\u00e0 install\u00e9 ou vous l\u2019envisagez mais la perspective de travailler seul vous p\u00e8se ? La solution : travailler en exercice coordonn\u00e9 !<br \/>\nL\u2019exercice coordonn\u00e9 consiste \u00e0 faire mieux ensemble pour le bien des patients tout en facilitant l\u2019exercice de sa profession.<\/p>\n<p>Sur la base d\u2019un projet de sant\u00e9 commun, les professionnels forment ainsi une \u00e9quipe de soins qui se coordonne pour fluidifier les prises en charge, \u00e9changer de mani\u00e8re s\u00e9curis\u00e9e, accueillir des stagiaires, garantir l\u2019accessibilit\u00e9 et la continuit\u00e9 des soins et d\u00e9velopper des actions de pr\u00e9vention.<\/p>\n<p>Les possibilit\u00e9s sont nombreuses et pour vous aider \u00e0 faire votre choix, voici un panorama des diff\u00e9rentes formes d\u2019exercice coordonn\u00e9 :<\/p>\n<ul>\n<li>Equipe de Soins Primaires (ESP), l\u2019\u00c9quipe de Soins Sp\u00e9cialis\u00e9s (ESS)<\/li>\n<li>Le Centre De Sant\u00e9 (CDS),<\/li>\n<li>La Maison de Sant\u00e9 Pluriprofessionnelle (MSP)<\/li>\n<li>La Communaut\u00e9 Professionnelle Territoriale de Sant\u00e9 (CPTS)<\/li>\n<\/ul>\n<p><strong>Comment faire ?<\/strong><br \/>\n\u2022 Vous trouverez des informations sur le site de l\u2019<a href=\"https:\/\/www.nouvelle-aquitaine.ars.sante.fr\/choisir-lexercice-coordonne\" target=\"_blank\" rel=\"noopener noreferrer\">ARS Nouvelle-Aquitaine<\/a>.<br \/>\n\u2022 Pour vous accompagner dans votre projet, chaque d\u00e9partement dispose d\u2019un bin\u00f4me m\u00e9dico-administratif <strong>R<\/strong>\u00e9f\u00e9rent de l\u2019<strong>O<\/strong>rganisation <strong>C<\/strong>oordonn\u00e9e au sein de la CPAM. Votre <strong>ROC<\/strong> en Dordogne est Mme V\u00e9ronique Roussel que vous pouvez joindre par mail<br \/>\n\u00e0 l&#8217;adresse suivante : <a href=\"mailto:veronique.roussel2@assurance-maladie.fr\" target=\"_blank\" rel=\"noopener noreferrer\">veronique.roussel2@assurance-maladie.fr<\/a><\/p>\n<\/div><\/section>\n","protected":false},"excerpt":{"rendered":"","protected":false},"author":19,"featured_media":5998,"comment_status":"closed","ping_status":"open","sticky":false,"template":"","format":"standard","meta":[],"categories":[20],"tags":[],"acf":[],"yoast_head":"<!-- This site is optimized with the Yoast SEO plugin v19.13 - https:\/\/yoast.com\/wordpress\/plugins\/seo\/ -->\n<title>L&#039;exercice coordonn\u00e9 : Qu\u00e9sako ? - SoignerEnPerigord<\/title>\n<meta name=\"robots\" content=\"index, follow, max-snippet:-1, max-image-preview:large, max-video-preview:-1\" \/>\n<link rel=\"canonical\" href=\"https:\/\/soignerenperigord.fr\/?p=5994\" \/>\n<meta property=\"og:locale\" content=\"fr_FR\" \/>\n<meta property=\"og:type\" content=\"article\" \/>\n<meta property=\"og:title\" content=\"L&#039;exercice coordonn\u00e9 : Qu\u00e9sako ? - SoignerEnPerigord\" \/>\n<meta property=\"og:url\" content=\"https:\/\/soignerenperigord.fr\/?p=5994\" \/>\n<meta property=\"og:site_name\" content=\"SoignerEnPerigord\" \/>\n<meta property=\"article:published_time\" content=\"2021-03-23T11:46:52+00:00\" \/>\n<meta property=\"article:modified_time\" content=\"2021-03-23T11:58:59+00:00\" \/>\n<meta property=\"og:image\" content=\"https:\/\/soignerenperigord.fr\/wp-content\/uploads\/2021\/03\/medics-handshaking-hospital-1030x687.jpg\" \/>\n\t<meta property=\"og:image:width\" content=\"1030\" \/>\n\t<meta property=\"og:image:height\" content=\"687\" \/>\n\t<meta property=\"og:image:type\" content=\"image\/jpeg\" \/>\n<meta name=\"author\" content=\"Jean-Yves Alexeline\" \/>\n<meta name=\"twitter:card\" content=\"summary_large_image\" \/>\n<meta name=\"twitter:creator\" content=\"@jean-yves-alexeline@assurance-maladie.fr\" \/>\n<meta name=\"twitter:label1\" content=\"Written by\" \/>\n\t<meta name=\"twitter:data1\" content=\"Jean-Yves Alexeline\" \/>\n\t<meta name=\"twitter:label2\" content=\"Est. reading time\" \/>\n\t<meta name=\"twitter:data2\" content=\"1 minute\" \/>\n<script type=\"application\/ld+json\" class=\"yoast-schema-graph\">{\"@context\":\"https:\/\/schema.org\",\"@graph\":[{\"@type\":\"WebPage\",\"@id\":\"https:\/\/soignerenperigord.fr\/?p=5994\",\"url\":\"https:\/\/soignerenperigord.fr\/?p=5994\",\"name\":\"L'exercice coordonn\u00e9 : Qu\u00e9sako ? - SoignerEnPerigord\",\"isPartOf\":{\"@id\":\"https:\/\/soignerenperigord.fr\/#website\"},\"datePublished\":\"2021-03-23T11:46:52+00:00\",\"dateModified\":\"2021-03-23T11:58:59+00:00\",\"author\":{\"@id\":\"https:\/\/soignerenperigord.fr\/#\/schema\/person\/6dc431caec9622f6c68c260081885ab8\"},\"breadcrumb\":{\"@id\":\"https:\/\/soignerenperigord.fr\/?p=5994#breadcrumb\"},\"inLanguage\":\"fr-FR\",\"potentialAction\":[{\"@type\":\"ReadAction\",\"target\":[\"https:\/\/soignerenperigord.fr\/?p=5994\"]}]},{\"@type\":\"BreadcrumbList\",\"@id\":\"https:\/\/soignerenperigord.fr\/?p=5994#breadcrumb\",\"itemListElement\":[{\"@type\":\"ListItem\",\"position\":1,\"name\":\"Home\",\"item\":\"https:\/\/soignerenperigord.fr\/?page_id=1809\"},{\"@type\":\"ListItem\",\"position\":2,\"name\":\"L&rsquo;exercice coordonn\u00e9 : Qu\u00e9sako ?\"}]},{\"@type\":\"WebSite\",\"@id\":\"https:\/\/soignerenperigord.fr\/#website\",\"url\":\"https:\/\/soignerenperigord.fr\/\",\"name\":\"SoignerEnPerigord\",\"description\":\"Un site utilisant WordPress\",\"potentialAction\":[{\"@type\":\"SearchAction\",\"target\":{\"@type\":\"EntryPoint\",\"urlTemplate\":\"https:\/\/soignerenperigord.fr\/?s={search_term_string}\"},\"query-input\":\"required name=search_term_string\"}],\"inLanguage\":\"fr-FR\"},{\"@type\":\"Person\",\"@id\":\"https:\/\/soignerenperigord.fr\/#\/schema\/person\/6dc431caec9622f6c68c260081885ab8\",\"name\":\"Jean-Yves Alexeline\",\"image\":{\"@type\":\"ImageObject\",\"inLanguage\":\"fr-FR\",\"@id\":\"https:\/\/soignerenperigord.fr\/#\/schema\/person\/image\/\",\"url\":\"https:\/\/secure.gravatar.com\/avatar\/fc3315ce43aa3e852903aa1b9f139910?s=96&d=mm&r=g\",\"contentUrl\":\"https:\/\/secure.gravatar.com\/avatar\/fc3315ce43aa3e852903aa1b9f139910?s=96&d=mm&r=g\",\"caption\":\"Jean-Yves Alexeline\"},\"sameAs\":[\"https:\/\/twitter.com\/jean-yves-alexeline@assurance-maladie.fr\"]}]}<\/script>\n<!-- \/ Yoast SEO plugin. -->","yoast_head_json":{"title":"L'exercice coordonn\u00e9 : Qu\u00e9sako ? - SoignerEnPerigord","robots":{"index":"index","follow":"follow","max-snippet":"max-snippet:-1","max-image-preview":"max-image-preview:large","max-video-preview":"max-video-preview:-1"},"canonical":"https:\/\/soignerenperigord.fr\/?p=5994","og_locale":"fr_FR","og_type":"article","og_title":"L'exercice coordonn\u00e9 : Qu\u00e9sako ? - SoignerEnPerigord","og_url":"https:\/\/soignerenperigord.fr\/?p=5994","og_site_name":"SoignerEnPerigord","article_published_time":"2021-03-23T11:46:52+00:00","article_modified_time":"2021-03-23T11:58:59+00:00","og_image":[{"width":1030,"height":687,"url":"https:\/\/soignerenperigord.fr\/wp-content\/uploads\/2021\/03\/medics-handshaking-hospital-1030x687.jpg","type":"image\/jpeg"}],"author":"Jean-Yves Alexeline","twitter_card":"summary_large_image","twitter_creator":"@jean-yves-alexeline@assurance-maladie.fr","twitter_misc":{"Written by":"Jean-Yves Alexeline","Est. reading time":"1 minute"},"schema":{"@context":"https:\/\/schema.org","@graph":[{"@type":"WebPage","@id":"https:\/\/soignerenperigord.fr\/?p=5994","url":"https:\/\/soignerenperigord.fr\/?p=5994","name":"L'exercice coordonn\u00e9 : Qu\u00e9sako ? - SoignerEnPerigord","isPartOf":{"@id":"https:\/\/soignerenperigord.fr\/#website"},"datePublished":"2021-03-23T11:46:52+00:00","dateModified":"2021-03-23T11:58:59+00:00","author":{"@id":"https:\/\/soignerenperigord.fr\/#\/schema\/person\/6dc431caec9622f6c68c260081885ab8"},"breadcrumb":{"@id":"https:\/\/soignerenperigord.fr\/?p=5994#breadcrumb"},"inLanguage":"fr-FR","potentialAction":[{"@type":"ReadAction","target":["https:\/\/soignerenperigord.fr\/?p=5994"]}]},{"@type":"BreadcrumbList","@id":"https:\/\/soignerenperigord.fr\/?p=5994#breadcrumb","itemListElement":[{"@type":"ListItem","position":1,"name":"Home","item":"https:\/\/soignerenperigord.fr\/?page_id=1809"},{"@type":"ListItem","position":2,"name":"L&rsquo;exercice coordonn\u00e9 : Qu\u00e9sako ?"}]},{"@type":"WebSite","@id":"https:\/\/soignerenperigord.fr\/#website","url":"https:\/\/soignerenperigord.fr\/","name":"SoignerEnPerigord","description":"Un site utilisant WordPress","potentialAction":[{"@type":"SearchAction","target":{"@type":"EntryPoint","urlTemplate":"https:\/\/soignerenperigord.fr\/?s={search_term_string}"},"query-input":"required name=search_term_string"}],"inLanguage":"fr-FR"},{"@type":"Person","@id":"https:\/\/soignerenperigord.fr\/#\/schema\/person\/6dc431caec9622f6c68c260081885ab8","name":"Jean-Yves Alexeline","image":{"@type":"ImageObject","inLanguage":"fr-FR","@id":"https:\/\/soignerenperigord.fr\/#\/schema\/person\/image\/","url":"https:\/\/secure.gravatar.com\/avatar\/fc3315ce43aa3e852903aa1b9f139910?s=96&d=mm&r=g","contentUrl":"https:\/\/secure.gravatar.com\/avatar\/fc3315ce43aa3e852903aa1b9f139910?s=96&d=mm&r=g","caption":"Jean-Yves Alexeline"},"sameAs":["https:\/\/twitter.com\/jean-yves-alexeline@assurance-maladie.fr"]}]}},"_links":{"self":[{"href":"https:\/\/soignerenperigord.fr\/index.php?rest_route=\/wp\/v2\/posts\/5994"}],"collection":[{"href":"https:\/\/soignerenperigord.fr\/index.php?rest_route=\/wp\/v2\/posts"}],"about":[{"href":"https:\/\/soignerenperigord.fr\/index.php?rest_route=\/wp\/v2\/types\/post"}],"author":[{"embeddable":true,"href":"https:\/\/soignerenperigord.fr\/index.php?rest_route=\/wp\/v2\/users\/19"}],"replies":[{"embeddable":true,"href":"https:\/\/soignerenperigord.fr\/index.php?rest_route=%2Fwp%2Fv2%2Fcomments&post=5994"}],"version-history":[{"count":3,"href":"https:\/\/soignerenperigord.fr\/index.php?rest_route=\/wp\/v2\/posts\/5994\/revisions"}],"predecessor-version":[{"id":5997,"href":"https:\/\/soignerenperigord.fr\/index.php?rest_route=\/wp\/v2\/posts\/5994\/revisions\/5997"}],"wp:featuredmedia":[{"embeddable":true,"href":"https:\/\/soignerenperigord.fr\/index.php?rest_route=\/wp\/v2\/media\/5998"}],"wp:attachment":[{"href":"https:\/\/soignerenperigord.fr\/index.php?rest_route=%2Fwp%2Fv2%2Fmedia&parent=5994"}],"wp:term":[{"taxonomy":"category","embeddable":true,"href":"https:\/\/soignerenperigord.fr\/index.php?rest_route=%2Fwp%2Fv2%2Fcategories&post=5994"},{"taxonomy":"post_tag","embeddable":true,"href":"https:\/\/soignerenperigord.fr\/index.php?rest_route=%2Fwp%2Fv2%2Ftags&post=5994"}],"curies":[{"name":"wp","href":"https:\/\/api.w.org\/{rel}","templated":true}]}}