{"id":4682,"date":"2020-02-11T09:30:43","date_gmt":"2020-02-11T08:30:43","guid":{"rendered":"https:\/\/soignerenperigord.fr\/?p=4682"},"modified":"2020-02-11T09:35:49","modified_gmt":"2020-02-11T08:35:49","slug":"rezone-un-service-daide-a-linstallation-des-medecins","status":"publish","type":"post","link":"https:\/\/soignerenperigord.fr\/?p=4682","title":{"rendered":"R\u00e9zone, un service d\u2019aide \u00e0 l\u2019installation des m\u00e9decins"},"content":{"rendered":"\n<p>Article <a href=\"https:\/\/www.ameli.fr\/dordogne\/medecin\/actualites\/rezone-un-service-daide-linstallation-des-medecins\">Ameli.fr<\/a><\/p>\n\n\n\n<p>D\u00e9velopp\u00e9 par l\u2019Assurance Maladie, l\u2019outil R\u00e9zone vise \u00e0 aider les m\u00e9decins dans le choix de leur lieu d\u2019installation. Il leur permet de visualiser les caract\u00e9ristiques d\u2019un territoire et les aides \u00e0 l&#8217;installation ou au maintien dans les zones sous denses qui y sont disponibles. Gr\u00e2ce aux donn\u00e9es qu\u2019il contient, les m\u00e9decins peuvent appr\u00e9cier le potentiel de d\u00e9veloppement d\u2019une activit\u00e9 et d\u2019une patient\u00e8le.<br> Quelles sont les donn\u00e9es consultables sur R\u00e9zone ?<\/p>\n\n\n\n<p>L\u2019outil est disponible sur <a href=\"https:\/\/soignerenperigord.fr\/?page_id=1270\">Soignerenperigord.fr<\/a> ou <a href=\"http:\/\/rezone.ameli.fr\/rezone\/\">directement ici<\/a>. Les donn\u00e9es sont accessibles sans compte et consultables par tous (professionnels, institutions, assur\u00e9s), sur l\u2019ensemble du territoire, dans le respect de la r\u00e9glementation sur la protection des donn\u00e9es fix\u00e9e par la Cnil (Commission nationale de l&#8217;informatique et des libert\u00e9s).<\/p>\n\n\n\n<div class=\"wp-block-image\"><figure class=\"aligncenter\"><img decoding=\"async\" loading=\"lazy\" width=\"1030\" height=\"461\" src=\"https:\/\/soignerenperigord.fr\/wp-content\/uploads\/2020\/02\/Rezone-1030x461.jpg\" alt=\"\" class=\"wp-image-4684\" srcset=\"https:\/\/soignerenperigord.fr\/wp-content\/uploads\/2020\/02\/Rezone-1030x461.jpg 1030w, https:\/\/soignerenperigord.fr\/wp-content\/uploads\/2020\/02\/Rezone-300x134.jpg 300w, https:\/\/soignerenperigord.fr\/wp-content\/uploads\/2020\/02\/Rezone-768x344.jpg 768w, https:\/\/soignerenperigord.fr\/wp-content\/uploads\/2020\/02\/Rezone-1500x671.jpg 1500w, https:\/\/soignerenperigord.fr\/wp-content\/uploads\/2020\/02\/Rezone-705x315.jpg 705w, https:\/\/soignerenperigord.fr\/wp-content\/uploads\/2020\/02\/Rezone-450x201.jpg 450w, https:\/\/soignerenperigord.fr\/wp-content\/uploads\/2020\/02\/Rezone.jpg 1902w\" sizes=\"(max-width: 1030px) 100vw, 1030px\" \/><\/figure><\/div>\n\n\n\n<p>Apr\u00e8s avoir choisi une r\u00e9gion, le m\u00e9decin peut consulter :les caract\u00e9ristiques essentielles de la patient\u00e8le (classes d\u2019\u00e2ge, exon\u00e9ration du ticket mod\u00e9rateur, b\u00e9n\u00e9ficiaires de la Compl\u00e9mentaire sant\u00e9 solidaire) ;<br> la d\u00e9mographie des professionnels de sant\u00e9 (nombre, \u00e2ge, secteur, mode d\u2019exercice) ;<br> l\u2019activit\u00e9 des professionnels de sant\u00e9 (actes cliniques (1) et actes techniques (2)) ;<br> l\u2019environnement hospitalier, sanitaire et m\u00e9dico-social : h\u00f4pitaux, cliniques, \u00e9tablissements d&#8217;h\u00e9bergement pour personnes \u00e2g\u00e9es d\u00e9pendantes (Ehpad), hospitalisation \u00e0 domicile (HAD), unit\u00e9s de dialyse, soins de suite et de r\u00e9\u00e9ducation (SSR)\u2026<\/p>\n\n\n\n<ul><li>les caract\u00e9ristiques essentielles de la patient\u00e8le (classes d\u2019\u00e2ge, exon\u00e9ration du ticket mod\u00e9rateur, b\u00e9n\u00e9ficiaires de la Compl\u00e9mentaire sant\u00e9 solidaire) ;<\/li><li>la d\u00e9mographie des professionnels de sant\u00e9 (nombre, \u00e2ge, secteur, mode d\u2019exercice) ;<\/li><li>l\u2019activit\u00e9 des professionnels de sant\u00e9 (actes cliniques (1) et actes techniques (2)) ;<\/li><li>l\u2019environnement hospitalier, sanitaire et m\u00e9dico-social : h\u00f4pitaux, cliniques, \u00e9tablissements d&#8217;h\u00e9bergement pour personnes \u00e2g\u00e9es d\u00e9pendantes (Ehpad), hospitalisation \u00e0 domicile (HAD), unit\u00e9s de dialyse, soins de suite et de r\u00e9\u00e9ducation (SSR)\u2026 ;<\/li><li>les structures et organisations d\u2019exercice coordonn\u00e9 :<br>\n    &#8211; actuellement : les centres de sant\u00e9 et les maisons de sant\u00e9 pluriprofessionnelles (MSP),<br>\n    &#8211; prochainement : les communaut\u00e9s professionnelles territoriales de sant\u00e9 (CPTS).<\/li><\/ul>\n\n\n\n<p>Le m\u00e9decin peut aussi acc\u00e9der \u00e0 une comparaison des chiffres cl\u00e9s du territoire aux valeurs d\u00e9partementales et r\u00e9gionales.<br>\nR\u00e9zone, pour s\u2019informer sur les aides \u00e0 l\u2019installation<\/p>\n\n\n\n<p>R\u00e9zone identifie les zones \u00e9ligibles \u00e0 des aides \u00e0 l&#8217;installation et au maintien \u00e0 l\u2019activit\u00e9, financ\u00e9es par :<\/p>\n\n\n\n<p>l\u2019Assurance Maladie ;\nl\u2019agence r\u00e9gionale de sant\u00e9 (ARS) ;\nles unions de recouvrement des cotisations de s\u00e9curit\u00e9 sociale et d\u2019allocations familiales (Urssaf).<\/p>\n\n\n\n<p>Gr\u00e2ce \u00e0 un simulateur, le m\u00e9decin peut notamment conna\u00eetre son \u00e9ligibilit\u00e9 potentielle \u00e0 l\u2019un des 4 contrats pour lutter contre la d\u00e9sertification m\u00e9dicale propos\u00e9s par l\u2019Assurance Maladie et pr\u00e9vus par la convention m\u00e9dicale de 2016 :<\/p>\n\n\n\n<p>le contrat d\u2019aide \u00e0 l\u2019installation (CAIM) ;\nle contrat de stabilisation et de coordination (Coscom) ;\nle contrat de transition (Cotram) ;\nle contrat de solidarit\u00e9 territoriale (CSTM).<\/p>\n\n\n\n<p>(1) Actes cliniques : consultations + visites<\/p>\n\n\n\n<p>(2) Actes techniques : chirurgie + \u00e9chographie + imagerie<\/p>\n","protected":false},"excerpt":{"rendered":"<p>Article Ameli.fr D\u00e9velopp\u00e9 par l\u2019Assurance Maladie, l\u2019outil R\u00e9zone vise \u00e0 aider les m\u00e9decins dans le choix de leur lieu d\u2019installation. Il leur permet de visualiser les caract\u00e9ristiques d\u2019un territoire et les aides \u00e0 l&#8217;installation ou au maintien dans les zones sous denses qui y sont disponibles. Gr\u00e2ce aux donn\u00e9es qu\u2019il contient, les m\u00e9decins peuvent appr\u00e9cier [&hellip;]<\/p>\n","protected":false},"author":19,"featured_media":4684,"comment_status":"closed","ping_status":"open","sticky":false,"template":"","format":"standard","meta":[],"categories":[20],"tags":[],"acf":[],"yoast_head":"<!-- This site is optimized with the Yoast SEO plugin v19.13 - https:\/\/yoast.com\/wordpress\/plugins\/seo\/ -->\n<title>R\u00e9zone, un service d\u2019aide \u00e0 l\u2019installation des m\u00e9decins - SoignerEnPerigord<\/title>\n<meta name=\"robots\" content=\"index, follow, max-snippet:-1, max-image-preview:large, max-video-preview:-1\" \/>\n<link rel=\"canonical\" href=\"https:\/\/soignerenperigord.fr\/?p=4682\" \/>\n<meta property=\"og:locale\" content=\"fr_FR\" \/>\n<meta property=\"og:type\" content=\"article\" \/>\n<meta property=\"og:title\" content=\"R\u00e9zone, un service d\u2019aide \u00e0 l\u2019installation des m\u00e9decins - SoignerEnPerigord\" \/>\n<meta property=\"og:description\" content=\"Article Ameli.fr D\u00e9velopp\u00e9 par l\u2019Assurance Maladie, l\u2019outil R\u00e9zone vise \u00e0 aider les m\u00e9decins dans le choix de leur lieu d\u2019installation. Il leur permet de visualiser les caract\u00e9ristiques d\u2019un territoire et les aides \u00e0 l&#8217;installation ou au maintien dans les zones sous denses qui y sont disponibles. Gr\u00e2ce aux donn\u00e9es qu\u2019il contient, les m\u00e9decins peuvent appr\u00e9cier [&hellip;]\" \/>\n<meta property=\"og:url\" content=\"https:\/\/soignerenperigord.fr\/?p=4682\" \/>\n<meta property=\"og:site_name\" content=\"SoignerEnPerigord\" \/>\n<meta property=\"article:published_time\" content=\"2020-02-11T08:30:43+00:00\" \/>\n<meta property=\"article:modified_time\" content=\"2020-02-11T08:35:49+00:00\" \/>\n<meta property=\"og:image\" content=\"https:\/\/soignerenperigord.fr\/wp-content\/uploads\/2020\/02\/Rezone.jpg\" \/>\n\t<meta property=\"og:image:width\" content=\"1902\" \/>\n\t<meta property=\"og:image:height\" content=\"851\" \/>\n\t<meta property=\"og:image:type\" content=\"image\/jpeg\" \/>\n<meta name=\"author\" content=\"Jean-Yves Alexeline\" \/>\n<meta name=\"twitter:card\" content=\"summary_large_image\" \/>\n<meta name=\"twitter:creator\" content=\"@jean-yves-alexeline@assurance-maladie.fr\" \/>\n<meta name=\"twitter:label1\" content=\"Written by\" \/>\n\t<meta name=\"twitter:data1\" content=\"Jean-Yves Alexeline\" \/>\n\t<meta name=\"twitter:label2\" content=\"Est. reading time\" \/>\n\t<meta name=\"twitter:data2\" content=\"3 minutes\" \/>\n<script type=\"application\/ld+json\" class=\"yoast-schema-graph\">{\"@context\":\"https:\/\/schema.org\",\"@graph\":[{\"@type\":\"WebPage\",\"@id\":\"https:\/\/soignerenperigord.fr\/?p=4682\",\"url\":\"https:\/\/soignerenperigord.fr\/?p=4682\",\"name\":\"R\u00e9zone, un service d\u2019aide \u00e0 l\u2019installation des m\u00e9decins - SoignerEnPerigord\",\"isPartOf\":{\"@id\":\"https:\/\/soignerenperigord.fr\/#website\"},\"datePublished\":\"2020-02-11T08:30:43+00:00\",\"dateModified\":\"2020-02-11T08:35:49+00:00\",\"author\":{\"@id\":\"https:\/\/soignerenperigord.fr\/#\/schema\/person\/6dc431caec9622f6c68c260081885ab8\"},\"breadcrumb\":{\"@id\":\"https:\/\/soignerenperigord.fr\/?p=4682#breadcrumb\"},\"inLanguage\":\"fr-FR\",\"potentialAction\":[{\"@type\":\"ReadAction\",\"target\":[\"https:\/\/soignerenperigord.fr\/?p=4682\"]}]},{\"@type\":\"BreadcrumbList\",\"@id\":\"https:\/\/soignerenperigord.fr\/?p=4682#breadcrumb\",\"itemListElement\":[{\"@type\":\"ListItem\",\"position\":1,\"name\":\"Home\",\"item\":\"https:\/\/soignerenperigord.fr\/?page_id=1809\"},{\"@type\":\"ListItem\",\"position\":2,\"name\":\"R\u00e9zone, un service d\u2019aide \u00e0 l\u2019installation des m\u00e9decins\"}]},{\"@type\":\"WebSite\",\"@id\":\"https:\/\/soignerenperigord.fr\/#website\",\"url\":\"https:\/\/soignerenperigord.fr\/\",\"name\":\"SoignerEnPerigord\",\"description\":\"Un site utilisant WordPress\",\"potentialAction\":[{\"@type\":\"SearchAction\",\"target\":{\"@type\":\"EntryPoint\",\"urlTemplate\":\"https:\/\/soignerenperigord.fr\/?s={search_term_string}\"},\"query-input\":\"required name=search_term_string\"}],\"inLanguage\":\"fr-FR\"},{\"@type\":\"Person\",\"@id\":\"https:\/\/soignerenperigord.fr\/#\/schema\/person\/6dc431caec9622f6c68c260081885ab8\",\"name\":\"Jean-Yves Alexeline\",\"image\":{\"@type\":\"ImageObject\",\"inLanguage\":\"fr-FR\",\"@id\":\"https:\/\/soignerenperigord.fr\/#\/schema\/person\/image\/\",\"url\":\"https:\/\/secure.gravatar.com\/avatar\/fc3315ce43aa3e852903aa1b9f139910?s=96&d=mm&r=g\",\"contentUrl\":\"https:\/\/secure.gravatar.com\/avatar\/fc3315ce43aa3e852903aa1b9f139910?s=96&d=mm&r=g\",\"caption\":\"Jean-Yves Alexeline\"},\"sameAs\":[\"https:\/\/twitter.com\/jean-yves-alexeline@assurance-maladie.fr\"]}]}<\/script>\n<!-- \/ Yoast SEO plugin. -->","yoast_head_json":{"title":"R\u00e9zone, un service d\u2019aide \u00e0 l\u2019installation des m\u00e9decins - SoignerEnPerigord","robots":{"index":"index","follow":"follow","max-snippet":"max-snippet:-1","max-image-preview":"max-image-preview:large","max-video-preview":"max-video-preview:-1"},"canonical":"https:\/\/soignerenperigord.fr\/?p=4682","og_locale":"fr_FR","og_type":"article","og_title":"R\u00e9zone, un service d\u2019aide \u00e0 l\u2019installation des m\u00e9decins - SoignerEnPerigord","og_description":"Article Ameli.fr D\u00e9velopp\u00e9 par l\u2019Assurance Maladie, l\u2019outil R\u00e9zone vise \u00e0 aider les m\u00e9decins dans le choix de leur lieu d\u2019installation. Il leur permet de visualiser les caract\u00e9ristiques d\u2019un territoire et les aides \u00e0 l&#8217;installation ou au maintien dans les zones sous denses qui y sont disponibles. Gr\u00e2ce aux donn\u00e9es qu\u2019il contient, les m\u00e9decins peuvent appr\u00e9cier [&hellip;]","og_url":"https:\/\/soignerenperigord.fr\/?p=4682","og_site_name":"SoignerEnPerigord","article_published_time":"2020-02-11T08:30:43+00:00","article_modified_time":"2020-02-11T08:35:49+00:00","og_image":[{"width":1902,"height":851,"url":"https:\/\/soignerenperigord.fr\/wp-content\/uploads\/2020\/02\/Rezone.jpg","type":"image\/jpeg"}],"author":"Jean-Yves Alexeline","twitter_card":"summary_large_image","twitter_creator":"@jean-yves-alexeline@assurance-maladie.fr","twitter_misc":{"Written by":"Jean-Yves Alexeline","Est. reading time":"3 minutes"},"schema":{"@context":"https:\/\/schema.org","@graph":[{"@type":"WebPage","@id":"https:\/\/soignerenperigord.fr\/?p=4682","url":"https:\/\/soignerenperigord.fr\/?p=4682","name":"R\u00e9zone, un service d\u2019aide \u00e0 l\u2019installation des m\u00e9decins - SoignerEnPerigord","isPartOf":{"@id":"https:\/\/soignerenperigord.fr\/#website"},"datePublished":"2020-02-11T08:30:43+00:00","dateModified":"2020-02-11T08:35:49+00:00","author":{"@id":"https:\/\/soignerenperigord.fr\/#\/schema\/person\/6dc431caec9622f6c68c260081885ab8"},"breadcrumb":{"@id":"https:\/\/soignerenperigord.fr\/?p=4682#breadcrumb"},"inLanguage":"fr-FR","potentialAction":[{"@type":"ReadAction","target":["https:\/\/soignerenperigord.fr\/?p=4682"]}]},{"@type":"BreadcrumbList","@id":"https:\/\/soignerenperigord.fr\/?p=4682#breadcrumb","itemListElement":[{"@type":"ListItem","position":1,"name":"Home","item":"https:\/\/soignerenperigord.fr\/?page_id=1809"},{"@type":"ListItem","position":2,"name":"R\u00e9zone, un service d\u2019aide \u00e0 l\u2019installation des m\u00e9decins"}]},{"@type":"WebSite","@id":"https:\/\/soignerenperigord.fr\/#website","url":"https:\/\/soignerenperigord.fr\/","name":"SoignerEnPerigord","description":"Un site utilisant WordPress","potentialAction":[{"@type":"SearchAction","target":{"@type":"EntryPoint","urlTemplate":"https:\/\/soignerenperigord.fr\/?s={search_term_string}"},"query-input":"required name=search_term_string"}],"inLanguage":"fr-FR"},{"@type":"Person","@id":"https:\/\/soignerenperigord.fr\/#\/schema\/person\/6dc431caec9622f6c68c260081885ab8","name":"Jean-Yves Alexeline","image":{"@type":"ImageObject","inLanguage":"fr-FR","@id":"https:\/\/soignerenperigord.fr\/#\/schema\/person\/image\/","url":"https:\/\/secure.gravatar.com\/avatar\/fc3315ce43aa3e852903aa1b9f139910?s=96&d=mm&r=g","contentUrl":"https:\/\/secure.gravatar.com\/avatar\/fc3315ce43aa3e852903aa1b9f139910?s=96&d=mm&r=g","caption":"Jean-Yves Alexeline"},"sameAs":["https:\/\/twitter.com\/jean-yves-alexeline@assurance-maladie.fr"]}]}},"_links":{"self":[{"href":"https:\/\/soignerenperigord.fr\/index.php?rest_route=\/wp\/v2\/posts\/4682"}],"collection":[{"href":"https:\/\/soignerenperigord.fr\/index.php?rest_route=\/wp\/v2\/posts"}],"about":[{"href":"https:\/\/soignerenperigord.fr\/index.php?rest_route=\/wp\/v2\/types\/post"}],"author":[{"embeddable":true,"href":"https:\/\/soignerenperigord.fr\/index.php?rest_route=\/wp\/v2\/users\/19"}],"replies":[{"embeddable":true,"href":"https:\/\/soignerenperigord.fr\/index.php?rest_route=%2Fwp%2Fv2%2Fcomments&post=4682"}],"version-history":[{"count":4,"href":"https:\/\/soignerenperigord.fr\/index.php?rest_route=\/wp\/v2\/posts\/4682\/revisions"}],"predecessor-version":[{"id":4688,"href":"https:\/\/soignerenperigord.fr\/index.php?rest_route=\/wp\/v2\/posts\/4682\/revisions\/4688"}],"wp:featuredmedia":[{"embeddable":true,"href":"https:\/\/soignerenperigord.fr\/index.php?rest_route=\/wp\/v2\/media\/4684"}],"wp:attachment":[{"href":"https:\/\/soignerenperigord.fr\/index.php?rest_route=%2Fwp%2Fv2%2Fmedia&parent=4682"}],"wp:term":[{"taxonomy":"category","embeddable":true,"href":"https:\/\/soignerenperigord.fr\/index.php?rest_route=%2Fwp%2Fv2%2Fcategories&post=4682"},{"taxonomy":"post_tag","embeddable":true,"href":"https:\/\/soignerenperigord.fr\/index.php?rest_route=%2Fwp%2Fv2%2Ftags&post=4682"}],"curies":[{"name":"wp","href":"https:\/\/api.w.org\/{rel}","templated":true}]}}