{"id":2834,"date":"2019-05-23T17:18:15","date_gmt":"2019-05-23T15:18:15","guid":{"rendered":"https:\/\/soignerenperigord.dordogne.fr\/?p=2834"},"modified":"2019-06-11T16:08:43","modified_gmt":"2019-06-11T14:08:43","slug":"pour-attirer-ses-medecins-de-demain-la-dordogne-soigne-les-internes-daujourdhui","status":"publish","type":"post","link":"https:\/\/soignerenperigord.fr\/?p=2834","title":{"rendered":"Pour attirer ses m\u00e9decins de demain, la Dordogne soigne les internes d\u2019aujourd\u2019hui"},"content":{"rendered":"\n<p><strong>Le Grand P\u00e9rigueux et la Communaut\u00e9 d\u2019agglom\u00e9ration bergeracoise d\u00e9roulent le tapis rouge aux futurs docteurs en stage dans le d\u00e9partement.<\/strong><\/p>\n\n\n\n<p>La Dordogne chouchoute ses internes. Mardi 21 mai 2019, le Grand P\u00e9rigueux, en partenariat avec son homologue de la Communaut\u00e9 d\u2019agglom\u00e9ration bergeracoise, a mis les petits plats dans les grands pour recevoir les <strong>35 \u00e9tudiants en m\u00e9decine qui ont choisi la Dordogne pour effectuer leur stag<\/strong>e au cours des six prochains mois.<\/p>\n\n\n\n<div class=\"wp-block-button\"><a class=\"wp-block-button__link has-text-color has-background\" href=\"https:\/\/www.sudouest.fr\/2019\/05\/02\/pour-attirer-ses-medecins-de-demain-la-dordogne-soigne-les-internes-d-aujourd-hui-6110877-1980.php\" style=\"background-color:#238388;color:#ffffff\">Lire la suite dans l&#8217;article<\/a><\/div>\n","protected":false},"excerpt":{"rendered":"<p>Le Grand P\u00e9rigueux et la Communaut\u00e9 d\u2019agglom\u00e9ration bergeracoise d\u00e9roulent le tapis rouge aux futurs docteurs en stage dans le d\u00e9partement. La Dordogne chouchoute ses internes. Mardi 21 mai 2019, le Grand P\u00e9rigueux, en partenariat avec son homologue de la Communaut\u00e9 d\u2019agglom\u00e9ration bergeracoise, a mis les petits plats dans les grands pour recevoir les 35 \u00e9tudiants [&hellip;]<\/p>\n","protected":false},"author":1,"featured_media":2839,"comment_status":"closed","ping_status":"open","sticky":false,"template":"","format":"standard","meta":[],"categories":[20],"tags":[],"acf":[],"yoast_head":"<!-- This site is optimized with the Yoast SEO plugin v19.13 - https:\/\/yoast.com\/wordpress\/plugins\/seo\/ -->\n<title>La Dordogne d\u00e9roule le tapis rouge aux \u00e9tudiants en m\u00e9decine<\/title>\n<meta name=\"description\" content=\"Le Grand P\u00e9rigueux et la Communaut\u00e9 d\u2019agglom\u00e9ration bergeracoise d\u00e9roulent le tapis rouge aux futurs docteurs en stage dans le d\u00e9partement de la Dordogne\" \/>\n<meta name=\"robots\" content=\"index, follow, max-snippet:-1, max-image-preview:large, max-video-preview:-1\" \/>\n<link rel=\"canonical\" href=\"https:\/\/soignerenperigord.fr\/?p=2834\" \/>\n<meta property=\"og:locale\" content=\"fr_FR\" \/>\n<meta property=\"og:type\" content=\"article\" \/>\n<meta property=\"og:title\" content=\"La Dordogne d\u00e9roule le tapis rouge aux \u00e9tudiants en m\u00e9decine\" \/>\n<meta property=\"og:description\" content=\"Le Grand P\u00e9rigueux et la Communaut\u00e9 d\u2019agglom\u00e9ration bergeracoise d\u00e9roulent le tapis rouge aux futurs docteurs en stage dans le d\u00e9partement de la Dordogne\" \/>\n<meta property=\"og:url\" content=\"https:\/\/soignerenperigord.fr\/?p=2834\" \/>\n<meta property=\"og:site_name\" content=\"SoignerEnPerigord\" \/>\n<meta property=\"article:published_time\" content=\"2019-05-23T15:18:15+00:00\" \/>\n<meta property=\"article:modified_time\" content=\"2019-06-11T14:08:43+00:00\" \/>\n<meta property=\"og:image\" content=\"https:\/\/soignerenperigord.fr\/wp-content\/uploads\/2019\/05\/etudiants-en-medecine-stage-dordogne.jpg\" \/>\n\t<meta property=\"og:image:width\" content=\"1000\" \/>\n\t<meta property=\"og:image:height\" content=\"500\" \/>\n\t<meta property=\"og:image:type\" content=\"image\/jpeg\" \/>\n<meta name=\"author\" content=\"denis.martin\" \/>\n<meta name=\"twitter:card\" content=\"summary_large_image\" \/>\n<meta name=\"twitter:label1\" content=\"Written by\" \/>\n\t<meta name=\"twitter:data1\" content=\"denis.martin\" \/>\n<script type=\"application\/ld+json\" class=\"yoast-schema-graph\">{\"@context\":\"https:\/\/schema.org\",\"@graph\":[{\"@type\":\"WebPage\",\"@id\":\"https:\/\/soignerenperigord.fr\/?p=2834\",\"url\":\"https:\/\/soignerenperigord.fr\/?p=2834\",\"name\":\"La Dordogne d\u00e9roule le tapis rouge aux \u00e9tudiants en m\u00e9decine\",\"isPartOf\":{\"@id\":\"https:\/\/soignerenperigord.fr\/#website\"},\"datePublished\":\"2019-05-23T15:18:15+00:00\",\"dateModified\":\"2019-06-11T14:08:43+00:00\",\"author\":{\"@id\":\"https:\/\/soignerenperigord.fr\/#\/schema\/person\/c1990ac98d4df9f748c2b5cd894f4852\"},\"description\":\"Le Grand P\u00e9rigueux et la Communaut\u00e9 d\u2019agglom\u00e9ration bergeracoise d\u00e9roulent le tapis rouge aux futurs docteurs en stage dans le d\u00e9partement de la Dordogne\",\"breadcrumb\":{\"@id\":\"https:\/\/soignerenperigord.fr\/?p=2834#breadcrumb\"},\"inLanguage\":\"fr-FR\",\"potentialAction\":[{\"@type\":\"ReadAction\",\"target\":[\"https:\/\/soignerenperigord.fr\/?p=2834\"]}]},{\"@type\":\"BreadcrumbList\",\"@id\":\"https:\/\/soignerenperigord.fr\/?p=2834#breadcrumb\",\"itemListElement\":[{\"@type\":\"ListItem\",\"position\":1,\"name\":\"Home\",\"item\":\"https:\/\/soignerenperigord.fr\/?page_id=1809\"},{\"@type\":\"ListItem\",\"position\":2,\"name\":\"Pour attirer ses m\u00e9decins de demain, la Dordogne soigne les internes d\u2019aujourd\u2019hui\"}]},{\"@type\":\"WebSite\",\"@id\":\"https:\/\/soignerenperigord.fr\/#website\",\"url\":\"https:\/\/soignerenperigord.fr\/\",\"name\":\"SoignerEnPerigord\",\"description\":\"Un site utilisant WordPress\",\"potentialAction\":[{\"@type\":\"SearchAction\",\"target\":{\"@type\":\"EntryPoint\",\"urlTemplate\":\"https:\/\/soignerenperigord.fr\/?s={search_term_string}\"},\"query-input\":\"required name=search_term_string\"}],\"inLanguage\":\"fr-FR\"},{\"@type\":\"Person\",\"@id\":\"https:\/\/soignerenperigord.fr\/#\/schema\/person\/c1990ac98d4df9f748c2b5cd894f4852\",\"name\":\"denis.martin\",\"image\":{\"@type\":\"ImageObject\",\"inLanguage\":\"fr-FR\",\"@id\":\"https:\/\/soignerenperigord.fr\/#\/schema\/person\/image\/\",\"url\":\"https:\/\/secure.gravatar.com\/avatar\/0482e448fe8c0c04e4aa66ae167f28e2?s=96&d=mm&r=g\",\"contentUrl\":\"https:\/\/secure.gravatar.com\/avatar\/0482e448fe8c0c04e4aa66ae167f28e2?s=96&d=mm&r=g\",\"caption\":\"denis.martin\"}}]}<\/script>\n<!-- \/ Yoast SEO plugin. -->","yoast_head_json":{"title":"La Dordogne d\u00e9roule le tapis rouge aux \u00e9tudiants en m\u00e9decine","description":"Le Grand P\u00e9rigueux et la Communaut\u00e9 d\u2019agglom\u00e9ration bergeracoise d\u00e9roulent le tapis rouge aux futurs docteurs en stage dans le d\u00e9partement de la Dordogne","robots":{"index":"index","follow":"follow","max-snippet":"max-snippet:-1","max-image-preview":"max-image-preview:large","max-video-preview":"max-video-preview:-1"},"canonical":"https:\/\/soignerenperigord.fr\/?p=2834","og_locale":"fr_FR","og_type":"article","og_title":"La Dordogne d\u00e9roule le tapis rouge aux \u00e9tudiants en m\u00e9decine","og_description":"Le Grand P\u00e9rigueux et la Communaut\u00e9 d\u2019agglom\u00e9ration bergeracoise d\u00e9roulent le tapis rouge aux futurs docteurs en stage dans le d\u00e9partement de la Dordogne","og_url":"https:\/\/soignerenperigord.fr\/?p=2834","og_site_name":"SoignerEnPerigord","article_published_time":"2019-05-23T15:18:15+00:00","article_modified_time":"2019-06-11T14:08:43+00:00","og_image":[{"width":1000,"height":500,"url":"https:\/\/soignerenperigord.fr\/wp-content\/uploads\/2019\/05\/etudiants-en-medecine-stage-dordogne.jpg","type":"image\/jpeg"}],"author":"denis.martin","twitter_card":"summary_large_image","twitter_misc":{"Written by":"denis.martin"},"schema":{"@context":"https:\/\/schema.org","@graph":[{"@type":"WebPage","@id":"https:\/\/soignerenperigord.fr\/?p=2834","url":"https:\/\/soignerenperigord.fr\/?p=2834","name":"La Dordogne d\u00e9roule le tapis rouge aux \u00e9tudiants en m\u00e9decine","isPartOf":{"@id":"https:\/\/soignerenperigord.fr\/#website"},"datePublished":"2019-05-23T15:18:15+00:00","dateModified":"2019-06-11T14:08:43+00:00","author":{"@id":"https:\/\/soignerenperigord.fr\/#\/schema\/person\/c1990ac98d4df9f748c2b5cd894f4852"},"description":"Le Grand P\u00e9rigueux et la Communaut\u00e9 d\u2019agglom\u00e9ration bergeracoise d\u00e9roulent le tapis rouge aux futurs docteurs en stage dans le d\u00e9partement de la Dordogne","breadcrumb":{"@id":"https:\/\/soignerenperigord.fr\/?p=2834#breadcrumb"},"inLanguage":"fr-FR","potentialAction":[{"@type":"ReadAction","target":["https:\/\/soignerenperigord.fr\/?p=2834"]}]},{"@type":"BreadcrumbList","@id":"https:\/\/soignerenperigord.fr\/?p=2834#breadcrumb","itemListElement":[{"@type":"ListItem","position":1,"name":"Home","item":"https:\/\/soignerenperigord.fr\/?page_id=1809"},{"@type":"ListItem","position":2,"name":"Pour attirer ses m\u00e9decins de demain, la Dordogne soigne les internes d\u2019aujourd\u2019hui"}]},{"@type":"WebSite","@id":"https:\/\/soignerenperigord.fr\/#website","url":"https:\/\/soignerenperigord.fr\/","name":"SoignerEnPerigord","description":"Un site utilisant WordPress","potentialAction":[{"@type":"SearchAction","target":{"@type":"EntryPoint","urlTemplate":"https:\/\/soignerenperigord.fr\/?s={search_term_string}"},"query-input":"required name=search_term_string"}],"inLanguage":"fr-FR"},{"@type":"Person","@id":"https:\/\/soignerenperigord.fr\/#\/schema\/person\/c1990ac98d4df9f748c2b5cd894f4852","name":"denis.martin","image":{"@type":"ImageObject","inLanguage":"fr-FR","@id":"https:\/\/soignerenperigord.fr\/#\/schema\/person\/image\/","url":"https:\/\/secure.gravatar.com\/avatar\/0482e448fe8c0c04e4aa66ae167f28e2?s=96&d=mm&r=g","contentUrl":"https:\/\/secure.gravatar.com\/avatar\/0482e448fe8c0c04e4aa66ae167f28e2?s=96&d=mm&r=g","caption":"denis.martin"}}]}},"_links":{"self":[{"href":"https:\/\/soignerenperigord.fr\/index.php?rest_route=\/wp\/v2\/posts\/2834"}],"collection":[{"href":"https:\/\/soignerenperigord.fr\/index.php?rest_route=\/wp\/v2\/posts"}],"about":[{"href":"https:\/\/soignerenperigord.fr\/index.php?rest_route=\/wp\/v2\/types\/post"}],"author":[{"embeddable":true,"href":"https:\/\/soignerenperigord.fr\/index.php?rest_route=\/wp\/v2\/users\/1"}],"replies":[{"embeddable":true,"href":"https:\/\/soignerenperigord.fr\/index.php?rest_route=%2Fwp%2Fv2%2Fcomments&post=2834"}],"version-history":[{"count":5,"href":"https:\/\/soignerenperigord.fr\/index.php?rest_route=\/wp\/v2\/posts\/2834\/revisions"}],"predecessor-version":[{"id":3335,"href":"https:\/\/soignerenperigord.fr\/index.php?rest_route=\/wp\/v2\/posts\/2834\/revisions\/3335"}],"wp:featuredmedia":[{"embeddable":true,"href":"https:\/\/soignerenperigord.fr\/index.php?rest_route=\/wp\/v2\/media\/2839"}],"wp:attachment":[{"href":"https:\/\/soignerenperigord.fr\/index.php?rest_route=%2Fwp%2Fv2%2Fmedia&parent=2834"}],"wp:term":[{"taxonomy":"category","embeddable":true,"href":"https:\/\/soignerenperigord.fr\/index.php?rest_route=%2Fwp%2Fv2%2Fcategories&post=2834"},{"taxonomy":"post_tag","embeddable":true,"href":"https:\/\/soignerenperigord.fr\/index.php?rest_route=%2Fwp%2Fv2%2Ftags&post=2834"}],"curies":[{"name":"wp","href":"https:\/\/api.w.org\/{rel}","templated":true}]}}