{"id":15699,"date":"2026-06-01T14:45:26","date_gmt":"2026-06-01T12:45:26","guid":{"rendered":"https:\/\/soignerenperigord.fr\/?p=15699"},"modified":"2026-06-01T14:49:56","modified_gmt":"2026-06-01T12:49:56","slug":"soiree-des-internes-du-ch-a-perigueux","status":"publish","type":"post","link":"https:\/\/soignerenperigord.fr\/?p=15699","title":{"rendered":"Soir\u00e9e des internes du CH \u00e0 P\u00e9rigueux"},"content":{"rendered":"<div class='flex_column av-18n1k5v-249270cdae9fffc6c87381d970a6e913 av_one_full  avia-builder-el-0  el_before_av_textblock  avia-builder-el-first  first flex_column_div '     ><div  class='avia-video av-lgkeoj-8a497345fd3af29a5e2df603d25b5a78 avia-video-16-9 av-no-preview-image avia-video-load-always avia-video-html5'  itemprop=\"video\" itemtype=\"https:\/\/schema.org\/VideoObject\"  data-original_url='https:\/\/soignerenperigord.fr\/wp-content\/uploads\/2026\/06\/VID-20260601-WA0000.mp4'><video class='avia_video'    preload=\"auto\"  controls id='player_15699_1811977893_2125771582'><source src='https:\/\/soignerenperigord.fr\/wp-content\/uploads\/2026\/06\/VID-20260601-WA0000.mp4' type='video\/mp4' \/><\/video><\/div><\/div><section  class='av_textblock_section av-mpv749dk-2b3f39ba34e4bab2c209f0c2dd9b36da'  itemscope=\"itemscope\" itemtype=\"https:\/\/schema.org\/BlogPosting\" itemprop=\"blogPost\" ><div class='avia_textblock'  itemprop=\"text\" ><p>Le 21 mai dernier, 70 internes du Centre Hospitalier de P\u00e9rigueux ont r\u00e9pondu \u00e0 l\u2019invitation de la Ville de P\u00e9rigueux \u00e0 l\u2019occasion d\u2019une soir\u00e9e conviviale organis\u00e9e conjointement par la Ville et le Grand P\u00e9rigueux, dans le cadre exceptionnel de Vesunna, le site-mus\u00e9e gallo-romain de P\u00e9rigueux.<br \/>\nCe temps d\u2019\u00e9change a permis aux internes de rencontrer les professionnels de sant\u00e9 ainsi que les acteurs du territoire \u2014 le Conseil d\u00e9partemental de la Dordogne, la CPAM de la Dordogne, l\u2019ARS Nouvelle-Aquitaine et le Centre Hospitalier de P\u00e9rigueux \u2014 tout en d\u00e9couvrant le cadre de vie privil\u00e9gi\u00e9 qu\u2019offre la Dordogne.<br \/>\nCette rencontre a \u00e9galement \u00e9t\u00e9 l\u2019occasion de rappeler l\u2019existence du site Soignerenperigord.fr, v\u00e9ritable vitrine du territoire d\u00e9di\u00e9e \u00e0 l\u2019installation des professionnels de sant\u00e9. Gr\u00e2ce \u00e0 son offre de guichet unique et \u00e0 son syst\u00e8me d\u2019annonces en ligne, la plateforme facilite la mise en relation entre les professionnels souhaitant d\u00e9velopper leur projet d\u2019installation et les acteurs locaux engag\u00e9s dans l\u2019attractivit\u00e9 du territoire.ici pour ajouter votre propre texte<\/p>\n<\/div><\/section><\/p>\n","protected":false},"excerpt":{"rendered":"","protected":false},"author":20,"featured_media":15703,"comment_status":"closed","ping_status":"open","sticky":false,"template":"","format":"standard","meta":[],"categories":[20],"tags":[],"acf":[],"yoast_head":"<!-- This site is optimized with the Yoast SEO plugin v19.13 - https:\/\/yoast.com\/wordpress\/plugins\/seo\/ -->\n<title>Soir\u00e9e des internes du CH \u00e0 P\u00e9rigueux - SoignerEnPerigord<\/title>\n<meta name=\"robots\" content=\"index, follow, max-snippet:-1, max-image-preview:large, max-video-preview:-1\" \/>\n<link rel=\"canonical\" href=\"https:\/\/soignerenperigord.fr\/?p=15699\" \/>\n<meta property=\"og:locale\" content=\"fr_FR\" \/>\n<meta property=\"og:type\" content=\"article\" \/>\n<meta property=\"og:title\" content=\"Soir\u00e9e des internes du CH \u00e0 P\u00e9rigueux - SoignerEnPerigord\" \/>\n<meta property=\"og:url\" content=\"https:\/\/soignerenperigord.fr\/?p=15699\" \/>\n<meta property=\"og:site_name\" content=\"SoignerEnPerigord\" \/>\n<meta property=\"article:published_time\" content=\"2026-06-01T12:45:26+00:00\" \/>\n<meta property=\"article:modified_time\" content=\"2026-06-01T12:49:56+00:00\" \/>\n<meta property=\"og:image\" content=\"https:\/\/soignerenperigord.fr\/wp-content\/uploads\/2026\/06\/vesuna-2026.jpg\" \/>\n\t<meta property=\"og:image:width\" content=\"1440\" \/>\n\t<meta property=\"og:image:height\" content=\"1080\" \/>\n\t<meta property=\"og:image:type\" content=\"image\/jpeg\" \/>\n<meta name=\"author\" content=\"Fran\u00e7ois Viart\" \/>\n<meta name=\"twitter:card\" content=\"summary_large_image\" \/>\n<meta name=\"twitter:label1\" content=\"Written by\" \/>\n\t<meta name=\"twitter:data1\" content=\"Fran\u00e7ois Viart\" \/>\n\t<meta name=\"twitter:label2\" content=\"Est. reading time\" \/>\n\t<meta name=\"twitter:data2\" content=\"2 minutes\" \/>\n<script type=\"application\/ld+json\" class=\"yoast-schema-graph\">{\"@context\":\"https:\/\/schema.org\",\"@graph\":[{\"@type\":\"WebPage\",\"@id\":\"https:\/\/soignerenperigord.fr\/?p=15699\",\"url\":\"https:\/\/soignerenperigord.fr\/?p=15699\",\"name\":\"Soir\u00e9e des internes du CH \u00e0 P\u00e9rigueux - SoignerEnPerigord\",\"isPartOf\":{\"@id\":\"https:\/\/soignerenperigord.fr\/#website\"},\"datePublished\":\"2026-06-01T12:45:26+00:00\",\"dateModified\":\"2026-06-01T12:49:56+00:00\",\"author\":{\"@id\":\"https:\/\/soignerenperigord.fr\/#\/schema\/person\/472d11aea5414a2261713a6c4c8383ef\"},\"breadcrumb\":{\"@id\":\"https:\/\/soignerenperigord.fr\/?p=15699#breadcrumb\"},\"inLanguage\":\"fr-FR\",\"potentialAction\":[{\"@type\":\"ReadAction\",\"target\":[\"https:\/\/soignerenperigord.fr\/?p=15699\"]}]},{\"@type\":\"BreadcrumbList\",\"@id\":\"https:\/\/soignerenperigord.fr\/?p=15699#breadcrumb\",\"itemListElement\":[{\"@type\":\"ListItem\",\"position\":1,\"name\":\"Home\",\"item\":\"https:\/\/soignerenperigord.fr\/?page_id=1809\"},{\"@type\":\"ListItem\",\"position\":2,\"name\":\"Soir\u00e9e des internes du CH \u00e0 P\u00e9rigueux\"}]},{\"@type\":\"WebSite\",\"@id\":\"https:\/\/soignerenperigord.fr\/#website\",\"url\":\"https:\/\/soignerenperigord.fr\/\",\"name\":\"SoignerEnPerigord\",\"description\":\"Un site utilisant WordPress\",\"potentialAction\":[{\"@type\":\"SearchAction\",\"target\":{\"@type\":\"EntryPoint\",\"urlTemplate\":\"https:\/\/soignerenperigord.fr\/?s={search_term_string}\"},\"query-input\":\"required name=search_term_string\"}],\"inLanguage\":\"fr-FR\"},{\"@type\":\"Person\",\"@id\":\"https:\/\/soignerenperigord.fr\/#\/schema\/person\/472d11aea5414a2261713a6c4c8383ef\",\"name\":\"Fran\u00e7ois Viart\",\"image\":{\"@type\":\"ImageObject\",\"inLanguage\":\"fr-FR\",\"@id\":\"https:\/\/soignerenperigord.fr\/#\/schema\/person\/image\/\",\"url\":\"https:\/\/secure.gravatar.com\/avatar\/e9c54e4d6a08bdf2cfa4516d07a467ef?s=96&d=mm&r=g\",\"contentUrl\":\"https:\/\/secure.gravatar.com\/avatar\/e9c54e4d6a08bdf2cfa4516d07a467ef?s=96&d=mm&r=g\",\"caption\":\"Fran\u00e7ois Viart\"}}]}<\/script>\n<!-- \/ Yoast SEO plugin. -->","yoast_head_json":{"title":"Soir\u00e9e des internes du CH \u00e0 P\u00e9rigueux - SoignerEnPerigord","robots":{"index":"index","follow":"follow","max-snippet":"max-snippet:-1","max-image-preview":"max-image-preview:large","max-video-preview":"max-video-preview:-1"},"canonical":"https:\/\/soignerenperigord.fr\/?p=15699","og_locale":"fr_FR","og_type":"article","og_title":"Soir\u00e9e des internes du CH \u00e0 P\u00e9rigueux - SoignerEnPerigord","og_url":"https:\/\/soignerenperigord.fr\/?p=15699","og_site_name":"SoignerEnPerigord","article_published_time":"2026-06-01T12:45:26+00:00","article_modified_time":"2026-06-01T12:49:56+00:00","og_image":[{"width":1440,"height":1080,"url":"https:\/\/soignerenperigord.fr\/wp-content\/uploads\/2026\/06\/vesuna-2026.jpg","type":"image\/jpeg"}],"author":"Fran\u00e7ois Viart","twitter_card":"summary_large_image","twitter_misc":{"Written by":"Fran\u00e7ois Viart","Est. reading time":"2 minutes"},"schema":{"@context":"https:\/\/schema.org","@graph":[{"@type":"WebPage","@id":"https:\/\/soignerenperigord.fr\/?p=15699","url":"https:\/\/soignerenperigord.fr\/?p=15699","name":"Soir\u00e9e des internes du CH \u00e0 P\u00e9rigueux - SoignerEnPerigord","isPartOf":{"@id":"https:\/\/soignerenperigord.fr\/#website"},"datePublished":"2026-06-01T12:45:26+00:00","dateModified":"2026-06-01T12:49:56+00:00","author":{"@id":"https:\/\/soignerenperigord.fr\/#\/schema\/person\/472d11aea5414a2261713a6c4c8383ef"},"breadcrumb":{"@id":"https:\/\/soignerenperigord.fr\/?p=15699#breadcrumb"},"inLanguage":"fr-FR","potentialAction":[{"@type":"ReadAction","target":["https:\/\/soignerenperigord.fr\/?p=15699"]}]},{"@type":"BreadcrumbList","@id":"https:\/\/soignerenperigord.fr\/?p=15699#breadcrumb","itemListElement":[{"@type":"ListItem","position":1,"name":"Home","item":"https:\/\/soignerenperigord.fr\/?page_id=1809"},{"@type":"ListItem","position":2,"name":"Soir\u00e9e des internes du CH \u00e0 P\u00e9rigueux"}]},{"@type":"WebSite","@id":"https:\/\/soignerenperigord.fr\/#website","url":"https:\/\/soignerenperigord.fr\/","name":"SoignerEnPerigord","description":"Un site utilisant WordPress","potentialAction":[{"@type":"SearchAction","target":{"@type":"EntryPoint","urlTemplate":"https:\/\/soignerenperigord.fr\/?s={search_term_string}"},"query-input":"required name=search_term_string"}],"inLanguage":"fr-FR"},{"@type":"Person","@id":"https:\/\/soignerenperigord.fr\/#\/schema\/person\/472d11aea5414a2261713a6c4c8383ef","name":"Fran\u00e7ois Viart","image":{"@type":"ImageObject","inLanguage":"fr-FR","@id":"https:\/\/soignerenperigord.fr\/#\/schema\/person\/image\/","url":"https:\/\/secure.gravatar.com\/avatar\/e9c54e4d6a08bdf2cfa4516d07a467ef?s=96&d=mm&r=g","contentUrl":"https:\/\/secure.gravatar.com\/avatar\/e9c54e4d6a08bdf2cfa4516d07a467ef?s=96&d=mm&r=g","caption":"Fran\u00e7ois Viart"}}]}},"_links":{"self":[{"href":"https:\/\/soignerenperigord.fr\/index.php?rest_route=\/wp\/v2\/posts\/15699"}],"collection":[{"href":"https:\/\/soignerenperigord.fr\/index.php?rest_route=\/wp\/v2\/posts"}],"about":[{"href":"https:\/\/soignerenperigord.fr\/index.php?rest_route=\/wp\/v2\/types\/post"}],"author":[{"embeddable":true,"href":"https:\/\/soignerenperigord.fr\/index.php?rest_route=\/wp\/v2\/users\/20"}],"replies":[{"embeddable":true,"href":"https:\/\/soignerenperigord.fr\/index.php?rest_route=%2Fwp%2Fv2%2Fcomments&post=15699"}],"version-history":[{"count":2,"href":"https:\/\/soignerenperigord.fr\/index.php?rest_route=\/wp\/v2\/posts\/15699\/revisions"}],"predecessor-version":[{"id":15702,"href":"https:\/\/soignerenperigord.fr\/index.php?rest_route=\/wp\/v2\/posts\/15699\/revisions\/15702"}],"wp:featuredmedia":[{"embeddable":true,"href":"https:\/\/soignerenperigord.fr\/index.php?rest_route=\/wp\/v2\/media\/15703"}],"wp:attachment":[{"href":"https:\/\/soignerenperigord.fr\/index.php?rest_route=%2Fwp%2Fv2%2Fmedia&parent=15699"}],"wp:term":[{"taxonomy":"category","embeddable":true,"href":"https:\/\/soignerenperigord.fr\/index.php?rest_route=%2Fwp%2Fv2%2Fcategories&post=15699"},{"taxonomy":"post_tag","embeddable":true,"href":"https:\/\/soignerenperigord.fr\/index.php?rest_route=%2Fwp%2Fv2%2Ftags&post=15699"}],"curies":[{"name":"wp","href":"https:\/\/api.w.org\/{rel}","templated":true}]}}