{"id":15676,"date":"2026-05-19T08:15:34","date_gmt":"2026-05-19T06:15:34","guid":{"rendered":"https:\/\/soignerenperigord.fr\/?p=15676"},"modified":"2026-06-02T14:04:05","modified_gmt":"2026-06-02T12:04:05","slug":"ouverture-dune-option-sante-au-lycee-jay-de-beaufort-de-perigueux","status":"publish","type":"post","link":"https:\/\/soignerenperigord.fr\/?p=15676","title":{"rendered":"Ouverture d`une option sant\u00e9 au lyc\u00e9e Jay de Beaufort de P\u00e9rigueux"},"content":{"rendered":"<div class='flex_column av-mxm4nw-961ed458a0c7084ea321bb21e454646e av_one_full  avia-builder-el-0  el_before_av_textblock  avia-builder-el-first  first flex_column_div '     ><style type=\"text\/css\" data-created_by=\"avia_inline_auto\" id=\"style-css-av-mpc8ig18-c7f9692e6eaf899869d399c1d173a524\">\n.avia-image-container.av-mpc8ig18-c7f9692e6eaf899869d399c1d173a524 img.avia_image{\nbox-shadow:none;\n}\n.avia-image-container.av-mpc8ig18-c7f9692e6eaf899869d399c1d173a524 .av-image-caption-overlay-center{\ncolor:#ffffff;\n}\n<\/style>\n<div  class='avia-image-container av-mpc8ig18-c7f9692e6eaf899869d399c1d173a524 av-styling- avia-align-center  avia-builder-el-1  avia-builder-el-no-sibling '   itemprop=\"image\" itemscope=\"itemscope\" itemtype=\"https:\/\/schema.org\/ImageObject\" ><div class=\"avia-image-container-inner\"><div class=\"avia-image-overlay-wrap\"><img decoding=\"async\" class='wp-image-15677 avia-img-lazy-loading-not-15677 avia_image ' src=\"https:\/\/soignerenperigord.fr\/wp-content\/uploads\/2026\/05\/affiche_option_sante_main.png\" alt='' title='affiche_option_sante_main'  height=\"553\" width=\"800\"  itemprop=\"thumbnailUrl\" srcset=\"https:\/\/soignerenperigord.fr\/wp-content\/uploads\/2026\/05\/affiche_option_sante_main.png 800w, https:\/\/soignerenperigord.fr\/wp-content\/uploads\/2026\/05\/affiche_option_sante_main-300x207.png 300w, https:\/\/soignerenperigord.fr\/wp-content\/uploads\/2026\/05\/affiche_option_sante_main-768x531.png 768w, https:\/\/soignerenperigord.fr\/wp-content\/uploads\/2026\/05\/affiche_option_sante_main-705x487.png 705w\" sizes=\"(max-width: 800px) 100vw, 800px\" \/><\/div><\/div><\/div><\/div><section  class='av_textblock_section av-mpc8lygs-2acbcf6800804bfc97ffee2e9f7b416b'  itemscope=\"itemscope\" itemtype=\"https:\/\/schema.org\/BlogPosting\" itemprop=\"blogPost\" ><div class='avia_textblock'  itemprop=\"text\" ><p>\ud83d\udcc5 \ud835\udc11\ud835\udc1e\ud835\udc27\ud835\udc2d\ud835\udc2b\ud835\udc1e\u0301\ud835\udc1e \ud835\udfd0\ud835\udfce\ud835\udfd0\ud835\udfd4\/\ud835\udfd0\ud835\udfce\ud835\udfd0\ud835\udfd5 &#8211; Ouverture d&#8217;une Option Sant\u00e9 au Lyc\u00e9e Jay de Beaufort<\/p>\n<p>\u00c0 la rentr\u00e9e 2026, le lyc\u00e9e Jay de Beaufort \u00e0 P\u00e9rigueux ouvre une \ud835\udc28\ud835\udc29\ud835\udc2d\ud835\udc22\ud835\udc28\ud835\udc27 \ud835\udc2c\ud835\udc1a\ud835\udc27\ud835\udc2d\ud835\udc1e\u0301 destin\u00e9e aux \u00e9l\u00e8ves de premi\u00e8re et terminale g\u00e9n\u00e9rales, dans le cadre du plan France Ruralit\u00e9s. Cette initiative vise \u00e0 r\u00e9pondre \u00e0 la d\u00e9sertification m\u00e9dicale en Dordogne en accompagnant davantage d\u2019\u00e9l\u00e8ves vers les \u00e9tudes de sant\u00e9, y compris ceux qui ne correspondent pas aux profils habituellement attendus.<\/p>\n<p>\ud83d\udc49 L\u2019objectif est de mieux pr\u00e9parer les \u00e9l\u00e8ves \u00e0 la r\u00e9ussite en PASS gr\u00e2ce \u00e0 un accompagnement sp\u00e9cifique d\u00e8s la premi\u00e8re, combinant choix d\u2019enseignements, apports disciplinaires et d\u00e9veloppement de comp\u00e9tences cl\u00e9s (m\u00e9thodologie, gestion du stress, m\u00e9morisation, etc.). L\u2019option cherche ainsi \u00e0 favoriser l\u2019adaptation aux exigences des \u00e9tudes m\u00e9dicales et \u00e0 am\u00e9liorer les chances de r\u00e9ussite.<\/p>\n<p>Le parcours impose en premi\u00e8re les EDS Math\u00e9matiques, Physique-Chimie et SVT, puis en terminale les EDS Physique-Chimie et SVT avec Math\u00e9matiques Compl\u00e9mentaires.<\/p>\n<p>\ud83d\udd53 La formation repr\u00e9sente 150 heures au total (3h\/semaine en premi\u00e8re, 2h\/semaine en terminale).<\/p>\n<p>Le recrutement est d\u00e9partemental, sur dossier et entretien, avec une candidature \u00e0 d\u00e9poser avant le 28 mai 2026, suivie d\u2019entretiens entre le 29 mai et le 5 juin.<\/p>\n<p>Plus d&#8217;information sur : <a href=\"https:\/\/lyceejaydebeaufort.fr\/option-sante-2026-2027\/\" target=\"_blank\" rel=\"noopener\">Lycee Jay de Beaufort<\/a><\/p>\n<\/div><\/section><\/p>\n","protected":false},"excerpt":{"rendered":"","protected":false},"author":20,"featured_media":15677,"comment_status":"closed","ping_status":"open","sticky":false,"template":"","format":"standard","meta":[],"categories":[20],"tags":[],"acf":[],"yoast_head":"<!-- This site is optimized with the Yoast SEO plugin v19.13 - https:\/\/yoast.com\/wordpress\/plugins\/seo\/ -->\n<title>Ouverture d`une option sant\u00e9 au lyc\u00e9e Jay de Beaufort de P\u00e9rigueux - SoignerEnPerigord<\/title>\n<meta name=\"robots\" content=\"index, follow, max-snippet:-1, max-image-preview:large, max-video-preview:-1\" \/>\n<link rel=\"canonical\" href=\"https:\/\/soignerenperigord.fr\/?p=15676\" \/>\n<meta property=\"og:locale\" content=\"fr_FR\" \/>\n<meta property=\"og:type\" content=\"article\" \/>\n<meta property=\"og:title\" content=\"Ouverture d`une option sant\u00e9 au lyc\u00e9e Jay de Beaufort de P\u00e9rigueux - SoignerEnPerigord\" \/>\n<meta property=\"og:url\" content=\"https:\/\/soignerenperigord.fr\/?p=15676\" \/>\n<meta property=\"og:site_name\" content=\"SoignerEnPerigord\" \/>\n<meta property=\"article:published_time\" content=\"2026-05-19T06:15:34+00:00\" \/>\n<meta property=\"article:modified_time\" content=\"2026-06-02T12:04:05+00:00\" \/>\n<meta property=\"og:image\" content=\"https:\/\/soignerenperigord.fr\/wp-content\/uploads\/2026\/05\/affiche_option_sante_main.png\" \/>\n\t<meta property=\"og:image:width\" content=\"800\" \/>\n\t<meta property=\"og:image:height\" content=\"553\" \/>\n\t<meta property=\"og:image:type\" content=\"image\/png\" \/>\n<meta name=\"author\" content=\"Fran\u00e7ois Viart\" \/>\n<meta name=\"twitter:card\" content=\"summary_large_image\" \/>\n<meta name=\"twitter:label1\" content=\"Written by\" \/>\n\t<meta name=\"twitter:data1\" content=\"Fran\u00e7ois Viart\" \/>\n\t<meta name=\"twitter:label2\" content=\"Est. reading time\" \/>\n\t<meta name=\"twitter:data2\" content=\"3 minutes\" \/>\n<script type=\"application\/ld+json\" class=\"yoast-schema-graph\">{\"@context\":\"https:\/\/schema.org\",\"@graph\":[{\"@type\":\"WebPage\",\"@id\":\"https:\/\/soignerenperigord.fr\/?p=15676\",\"url\":\"https:\/\/soignerenperigord.fr\/?p=15676\",\"name\":\"Ouverture d`une option sant\u00e9 au lyc\u00e9e Jay de Beaufort de P\u00e9rigueux - SoignerEnPerigord\",\"isPartOf\":{\"@id\":\"https:\/\/soignerenperigord.fr\/#website\"},\"datePublished\":\"2026-05-19T06:15:34+00:00\",\"dateModified\":\"2026-06-02T12:04:05+00:00\",\"author\":{\"@id\":\"https:\/\/soignerenperigord.fr\/#\/schema\/person\/472d11aea5414a2261713a6c4c8383ef\"},\"breadcrumb\":{\"@id\":\"https:\/\/soignerenperigord.fr\/?p=15676#breadcrumb\"},\"inLanguage\":\"fr-FR\",\"potentialAction\":[{\"@type\":\"ReadAction\",\"target\":[\"https:\/\/soignerenperigord.fr\/?p=15676\"]}]},{\"@type\":\"BreadcrumbList\",\"@id\":\"https:\/\/soignerenperigord.fr\/?p=15676#breadcrumb\",\"itemListElement\":[{\"@type\":\"ListItem\",\"position\":1,\"name\":\"Home\",\"item\":\"https:\/\/soignerenperigord.fr\/?page_id=1809\"},{\"@type\":\"ListItem\",\"position\":2,\"name\":\"Ouverture d`une option sant\u00e9 au lyc\u00e9e Jay de Beaufort de P\u00e9rigueux\"}]},{\"@type\":\"WebSite\",\"@id\":\"https:\/\/soignerenperigord.fr\/#website\",\"url\":\"https:\/\/soignerenperigord.fr\/\",\"name\":\"SoignerEnPerigord\",\"description\":\"Un site utilisant WordPress\",\"potentialAction\":[{\"@type\":\"SearchAction\",\"target\":{\"@type\":\"EntryPoint\",\"urlTemplate\":\"https:\/\/soignerenperigord.fr\/?s={search_term_string}\"},\"query-input\":\"required name=search_term_string\"}],\"inLanguage\":\"fr-FR\"},{\"@type\":\"Person\",\"@id\":\"https:\/\/soignerenperigord.fr\/#\/schema\/person\/472d11aea5414a2261713a6c4c8383ef\",\"name\":\"Fran\u00e7ois Viart\",\"image\":{\"@type\":\"ImageObject\",\"inLanguage\":\"fr-FR\",\"@id\":\"https:\/\/soignerenperigord.fr\/#\/schema\/person\/image\/\",\"url\":\"https:\/\/secure.gravatar.com\/avatar\/e9c54e4d6a08bdf2cfa4516d07a467ef?s=96&d=mm&r=g\",\"contentUrl\":\"https:\/\/secure.gravatar.com\/avatar\/e9c54e4d6a08bdf2cfa4516d07a467ef?s=96&d=mm&r=g\",\"caption\":\"Fran\u00e7ois Viart\"}}]}<\/script>\n<!-- \/ Yoast SEO plugin. -->","yoast_head_json":{"title":"Ouverture d`une option sant\u00e9 au lyc\u00e9e Jay de Beaufort de P\u00e9rigueux - SoignerEnPerigord","robots":{"index":"index","follow":"follow","max-snippet":"max-snippet:-1","max-image-preview":"max-image-preview:large","max-video-preview":"max-video-preview:-1"},"canonical":"https:\/\/soignerenperigord.fr\/?p=15676","og_locale":"fr_FR","og_type":"article","og_title":"Ouverture d`une option sant\u00e9 au lyc\u00e9e Jay de Beaufort de P\u00e9rigueux - SoignerEnPerigord","og_url":"https:\/\/soignerenperigord.fr\/?p=15676","og_site_name":"SoignerEnPerigord","article_published_time":"2026-05-19T06:15:34+00:00","article_modified_time":"2026-06-02T12:04:05+00:00","og_image":[{"width":800,"height":553,"url":"https:\/\/soignerenperigord.fr\/wp-content\/uploads\/2026\/05\/affiche_option_sante_main.png","type":"image\/png"}],"author":"Fran\u00e7ois Viart","twitter_card":"summary_large_image","twitter_misc":{"Written by":"Fran\u00e7ois Viart","Est. reading time":"3 minutes"},"schema":{"@context":"https:\/\/schema.org","@graph":[{"@type":"WebPage","@id":"https:\/\/soignerenperigord.fr\/?p=15676","url":"https:\/\/soignerenperigord.fr\/?p=15676","name":"Ouverture d`une option sant\u00e9 au lyc\u00e9e Jay de Beaufort de P\u00e9rigueux - SoignerEnPerigord","isPartOf":{"@id":"https:\/\/soignerenperigord.fr\/#website"},"datePublished":"2026-05-19T06:15:34+00:00","dateModified":"2026-06-02T12:04:05+00:00","author":{"@id":"https:\/\/soignerenperigord.fr\/#\/schema\/person\/472d11aea5414a2261713a6c4c8383ef"},"breadcrumb":{"@id":"https:\/\/soignerenperigord.fr\/?p=15676#breadcrumb"},"inLanguage":"fr-FR","potentialAction":[{"@type":"ReadAction","target":["https:\/\/soignerenperigord.fr\/?p=15676"]}]},{"@type":"BreadcrumbList","@id":"https:\/\/soignerenperigord.fr\/?p=15676#breadcrumb","itemListElement":[{"@type":"ListItem","position":1,"name":"Home","item":"https:\/\/soignerenperigord.fr\/?page_id=1809"},{"@type":"ListItem","position":2,"name":"Ouverture d`une option sant\u00e9 au lyc\u00e9e Jay de Beaufort de P\u00e9rigueux"}]},{"@type":"WebSite","@id":"https:\/\/soignerenperigord.fr\/#website","url":"https:\/\/soignerenperigord.fr\/","name":"SoignerEnPerigord","description":"Un site utilisant WordPress","potentialAction":[{"@type":"SearchAction","target":{"@type":"EntryPoint","urlTemplate":"https:\/\/soignerenperigord.fr\/?s={search_term_string}"},"query-input":"required name=search_term_string"}],"inLanguage":"fr-FR"},{"@type":"Person","@id":"https:\/\/soignerenperigord.fr\/#\/schema\/person\/472d11aea5414a2261713a6c4c8383ef","name":"Fran\u00e7ois Viart","image":{"@type":"ImageObject","inLanguage":"fr-FR","@id":"https:\/\/soignerenperigord.fr\/#\/schema\/person\/image\/","url":"https:\/\/secure.gravatar.com\/avatar\/e9c54e4d6a08bdf2cfa4516d07a467ef?s=96&d=mm&r=g","contentUrl":"https:\/\/secure.gravatar.com\/avatar\/e9c54e4d6a08bdf2cfa4516d07a467ef?s=96&d=mm&r=g","caption":"Fran\u00e7ois Viart"}}]}},"_links":{"self":[{"href":"https:\/\/soignerenperigord.fr\/index.php?rest_route=\/wp\/v2\/posts\/15676"}],"collection":[{"href":"https:\/\/soignerenperigord.fr\/index.php?rest_route=\/wp\/v2\/posts"}],"about":[{"href":"https:\/\/soignerenperigord.fr\/index.php?rest_route=\/wp\/v2\/types\/post"}],"author":[{"embeddable":true,"href":"https:\/\/soignerenperigord.fr\/index.php?rest_route=\/wp\/v2\/users\/20"}],"replies":[{"embeddable":true,"href":"https:\/\/soignerenperigord.fr\/index.php?rest_route=%2Fwp%2Fv2%2Fcomments&post=15676"}],"version-history":[{"count":5,"href":"https:\/\/soignerenperigord.fr\/index.php?rest_route=\/wp\/v2\/posts\/15676\/revisions"}],"predecessor-version":[{"id":15751,"href":"https:\/\/soignerenperigord.fr\/index.php?rest_route=\/wp\/v2\/posts\/15676\/revisions\/15751"}],"wp:featuredmedia":[{"embeddable":true,"href":"https:\/\/soignerenperigord.fr\/index.php?rest_route=\/wp\/v2\/media\/15677"}],"wp:attachment":[{"href":"https:\/\/soignerenperigord.fr\/index.php?rest_route=%2Fwp%2Fv2%2Fmedia&parent=15676"}],"wp:term":[{"taxonomy":"category","embeddable":true,"href":"https:\/\/soignerenperigord.fr\/index.php?rest_route=%2Fwp%2Fv2%2Fcategories&post=15676"},{"taxonomy":"post_tag","embeddable":true,"href":"https:\/\/soignerenperigord.fr\/index.php?rest_route=%2Fwp%2Fv2%2Ftags&post=15676"}],"curies":[{"name":"wp","href":"https:\/\/api.w.org\/{rel}","templated":true}]}}