{"id":12744,"date":"2025-03-05T13:47:47","date_gmt":"2025-03-05T12:47:47","guid":{"rendered":"https:\/\/soignerenperigord.fr\/?p=12744"},"modified":"2025-03-05T14:55:54","modified_gmt":"2025-03-05T13:55:54","slug":"devenir-infirmiere-en-pratique-avancee-temoignage-de-celine-monceron","status":"publish","type":"post","link":"https:\/\/soignerenperigord.fr\/?p=12744","title":{"rendered":"Devenir IPA &#8211; Infirmi\u00e8re en Pratique Avanc\u00e9e &#8211; T\u00e9moignage de C\u00e9line Monceyron et du Dr LALEUF \u00e0 Lanouaille"},"content":{"rendered":"<div  class='avia-video av-m7vwxc07-1f1b49421806d0ffc6f062bedb66fc9c avia-video-16-9 av-no-preview-image avia-video-load-always av-lazyload-immediate av-lazyload-video-embed'  itemprop=\"video\" itemtype=\"https:\/\/schema.org\/VideoObject\"  data-original_url=' https:\/\/www.youtube.com\/watch?v=pJSe1yPZnjA'><script type='text\/html' class='av-video-tmpl'><div class='avia-iframe-wrap'><iframe title=\"IPA - Infirmi\u00e8re en Pratique Avanc\u00e9e \u00e0 Lanouaille en Dordogne\" width=\"1500\" height=\"844\" src=\"https:\/\/www.youtube.com\/embed\/pJSe1yPZnjA?feature=oembed&autoplay=0&loop=0&controls=1&mute=0\" frameborder=\"0\" allow=\"accelerometer; autoplay; clipboard-write; encrypted-media; gyroscope; picture-in-picture; web-share\" referrerpolicy=\"strict-origin-when-cross-origin\" allowfullscreen><\/iframe><\/div><\/script><div class='av-click-to-play-overlay'><div class=\"avia_playpause_icon\"><\/div><\/div><\/div>\n<section  class='av_textblock_section av-m7vw8kht-a53d0403893346877193707ef960b827'  itemscope=\"itemscope\" itemtype=\"https:\/\/schema.org\/BlogPosting\" itemprop=\"blogPost\" ><div class='avia_textblock'  itemprop=\"text\" ><p>En direct de la MSP de Lanouaille en Dordogne, Mme MONCEYRON et le Dr LALEUF nous expliquent comment les IPA &#8211; Infirmi\u00e8res en Pratique Avanc\u00e9e contribuent \u00e0 am\u00e9liorer l\u2019acc\u00e8s aux soins et la qualit\u00e9 du parcours des patients, tout en r\u00e9duisant la charge de travail des m\u00e9decins sur certaines pathologies cibl\u00e9es.<\/p>\n<p>Pour en savoir plus, <a href=\"https:\/\/soignerenperigord.fr\/?page_id=9478\" target=\"_blank\" rel=\"noopener\">consulter notre page d\u00e9di\u00e9e.<\/a><\/p>\n<\/div><\/section>\n","protected":false},"excerpt":{"rendered":"","protected":false},"author":20,"featured_media":12764,"comment_status":"closed","ping_status":"open","sticky":false,"template":"","format":"standard","meta":[],"categories":[20],"tags":[],"acf":[],"yoast_head":"<!-- This site is optimized with the Yoast SEO plugin v19.13 - https:\/\/yoast.com\/wordpress\/plugins\/seo\/ -->\n<title>Devenir IPA - Infirmi\u00e8re en Pratique Avanc\u00e9e - T\u00e9moignage de C\u00e9line Monceyron et du Dr LALEUF \u00e0 Lanouaille - SoignerEnPerigord<\/title>\n<meta name=\"robots\" content=\"index, follow, max-snippet:-1, max-image-preview:large, max-video-preview:-1\" \/>\n<link rel=\"canonical\" href=\"https:\/\/soignerenperigord.fr\/?p=12744\" \/>\n<meta property=\"og:locale\" content=\"fr_FR\" \/>\n<meta property=\"og:type\" content=\"article\" \/>\n<meta property=\"og:title\" content=\"Devenir IPA - Infirmi\u00e8re en Pratique Avanc\u00e9e - T\u00e9moignage de C\u00e9line Monceyron et du Dr LALEUF \u00e0 Lanouaille - SoignerEnPerigord\" \/>\n<meta property=\"og:url\" content=\"https:\/\/soignerenperigord.fr\/?p=12744\" \/>\n<meta property=\"og:site_name\" content=\"SoignerEnPerigord\" \/>\n<meta property=\"article:published_time\" content=\"2025-03-05T12:47:47+00:00\" \/>\n<meta property=\"article:modified_time\" content=\"2025-03-05T13:55:54+00:00\" \/>\n<meta property=\"og:image\" content=\"https:\/\/soignerenperigord.fr\/wp-content\/uploads\/2025\/03\/ipa-lanouaille-06-1030x728.png\" \/>\n\t<meta property=\"og:image:width\" content=\"1030\" \/>\n\t<meta property=\"og:image:height\" content=\"728\" \/>\n\t<meta property=\"og:image:type\" content=\"image\/png\" \/>\n<meta name=\"author\" content=\"Fran\u00e7ois Viart\" \/>\n<meta name=\"twitter:card\" content=\"summary_large_image\" \/>\n<meta name=\"twitter:label1\" content=\"Written by\" \/>\n\t<meta name=\"twitter:data1\" content=\"Fran\u00e7ois Viart\" \/>\n\t<meta name=\"twitter:label2\" content=\"Est. reading time\" \/>\n\t<meta name=\"twitter:data2\" content=\"1 minute\" \/>\n<script type=\"application\/ld+json\" class=\"yoast-schema-graph\">{\"@context\":\"https:\/\/schema.org\",\"@graph\":[{\"@type\":\"WebPage\",\"@id\":\"https:\/\/soignerenperigord.fr\/?p=12744\",\"url\":\"https:\/\/soignerenperigord.fr\/?p=12744\",\"name\":\"Devenir IPA - Infirmi\u00e8re en Pratique Avanc\u00e9e - T\u00e9moignage de C\u00e9line Monceyron et du Dr LALEUF \u00e0 Lanouaille - SoignerEnPerigord\",\"isPartOf\":{\"@id\":\"https:\/\/soignerenperigord.fr\/#website\"},\"datePublished\":\"2025-03-05T12:47:47+00:00\",\"dateModified\":\"2025-03-05T13:55:54+00:00\",\"author\":{\"@id\":\"https:\/\/soignerenperigord.fr\/#\/schema\/person\/472d11aea5414a2261713a6c4c8383ef\"},\"breadcrumb\":{\"@id\":\"https:\/\/soignerenperigord.fr\/?p=12744#breadcrumb\"},\"inLanguage\":\"fr-FR\",\"potentialAction\":[{\"@type\":\"ReadAction\",\"target\":[\"https:\/\/soignerenperigord.fr\/?p=12744\"]}]},{\"@type\":\"BreadcrumbList\",\"@id\":\"https:\/\/soignerenperigord.fr\/?p=12744#breadcrumb\",\"itemListElement\":[{\"@type\":\"ListItem\",\"position\":1,\"name\":\"Home\",\"item\":\"https:\/\/soignerenperigord.fr\/?page_id=1809\"},{\"@type\":\"ListItem\",\"position\":2,\"name\":\"Devenir IPA &#8211; Infirmi\u00e8re en Pratique Avanc\u00e9e &#8211; T\u00e9moignage de C\u00e9line Monceyron et du Dr LALEUF \u00e0 Lanouaille\"}]},{\"@type\":\"WebSite\",\"@id\":\"https:\/\/soignerenperigord.fr\/#website\",\"url\":\"https:\/\/soignerenperigord.fr\/\",\"name\":\"SoignerEnPerigord\",\"description\":\"Un site utilisant WordPress\",\"potentialAction\":[{\"@type\":\"SearchAction\",\"target\":{\"@type\":\"EntryPoint\",\"urlTemplate\":\"https:\/\/soignerenperigord.fr\/?s={search_term_string}\"},\"query-input\":\"required name=search_term_string\"}],\"inLanguage\":\"fr-FR\"},{\"@type\":\"Person\",\"@id\":\"https:\/\/soignerenperigord.fr\/#\/schema\/person\/472d11aea5414a2261713a6c4c8383ef\",\"name\":\"Fran\u00e7ois Viart\",\"image\":{\"@type\":\"ImageObject\",\"inLanguage\":\"fr-FR\",\"@id\":\"https:\/\/soignerenperigord.fr\/#\/schema\/person\/image\/\",\"url\":\"https:\/\/secure.gravatar.com\/avatar\/e9c54e4d6a08bdf2cfa4516d07a467ef?s=96&d=mm&r=g\",\"contentUrl\":\"https:\/\/secure.gravatar.com\/avatar\/e9c54e4d6a08bdf2cfa4516d07a467ef?s=96&d=mm&r=g\",\"caption\":\"Fran\u00e7ois Viart\"}}]}<\/script>\n<!-- \/ Yoast SEO plugin. -->","yoast_head_json":{"title":"Devenir IPA - Infirmi\u00e8re en Pratique Avanc\u00e9e - T\u00e9moignage de C\u00e9line Monceyron et du Dr LALEUF \u00e0 Lanouaille - SoignerEnPerigord","robots":{"index":"index","follow":"follow","max-snippet":"max-snippet:-1","max-image-preview":"max-image-preview:large","max-video-preview":"max-video-preview:-1"},"canonical":"https:\/\/soignerenperigord.fr\/?p=12744","og_locale":"fr_FR","og_type":"article","og_title":"Devenir IPA - Infirmi\u00e8re en Pratique Avanc\u00e9e - T\u00e9moignage de C\u00e9line Monceyron et du Dr LALEUF \u00e0 Lanouaille - SoignerEnPerigord","og_url":"https:\/\/soignerenperigord.fr\/?p=12744","og_site_name":"SoignerEnPerigord","article_published_time":"2025-03-05T12:47:47+00:00","article_modified_time":"2025-03-05T13:55:54+00:00","og_image":[{"width":1030,"height":728,"url":"https:\/\/soignerenperigord.fr\/wp-content\/uploads\/2025\/03\/ipa-lanouaille-06-1030x728.png","type":"image\/png"}],"author":"Fran\u00e7ois Viart","twitter_card":"summary_large_image","twitter_misc":{"Written by":"Fran\u00e7ois Viart","Est. reading time":"1 minute"},"schema":{"@context":"https:\/\/schema.org","@graph":[{"@type":"WebPage","@id":"https:\/\/soignerenperigord.fr\/?p=12744","url":"https:\/\/soignerenperigord.fr\/?p=12744","name":"Devenir IPA - Infirmi\u00e8re en Pratique Avanc\u00e9e - T\u00e9moignage de C\u00e9line Monceyron et du Dr LALEUF \u00e0 Lanouaille - SoignerEnPerigord","isPartOf":{"@id":"https:\/\/soignerenperigord.fr\/#website"},"datePublished":"2025-03-05T12:47:47+00:00","dateModified":"2025-03-05T13:55:54+00:00","author":{"@id":"https:\/\/soignerenperigord.fr\/#\/schema\/person\/472d11aea5414a2261713a6c4c8383ef"},"breadcrumb":{"@id":"https:\/\/soignerenperigord.fr\/?p=12744#breadcrumb"},"inLanguage":"fr-FR","potentialAction":[{"@type":"ReadAction","target":["https:\/\/soignerenperigord.fr\/?p=12744"]}]},{"@type":"BreadcrumbList","@id":"https:\/\/soignerenperigord.fr\/?p=12744#breadcrumb","itemListElement":[{"@type":"ListItem","position":1,"name":"Home","item":"https:\/\/soignerenperigord.fr\/?page_id=1809"},{"@type":"ListItem","position":2,"name":"Devenir IPA &#8211; Infirmi\u00e8re en Pratique Avanc\u00e9e &#8211; T\u00e9moignage de C\u00e9line Monceyron et du Dr LALEUF \u00e0 Lanouaille"}]},{"@type":"WebSite","@id":"https:\/\/soignerenperigord.fr\/#website","url":"https:\/\/soignerenperigord.fr\/","name":"SoignerEnPerigord","description":"Un site utilisant WordPress","potentialAction":[{"@type":"SearchAction","target":{"@type":"EntryPoint","urlTemplate":"https:\/\/soignerenperigord.fr\/?s={search_term_string}"},"query-input":"required name=search_term_string"}],"inLanguage":"fr-FR"},{"@type":"Person","@id":"https:\/\/soignerenperigord.fr\/#\/schema\/person\/472d11aea5414a2261713a6c4c8383ef","name":"Fran\u00e7ois Viart","image":{"@type":"ImageObject","inLanguage":"fr-FR","@id":"https:\/\/soignerenperigord.fr\/#\/schema\/person\/image\/","url":"https:\/\/secure.gravatar.com\/avatar\/e9c54e4d6a08bdf2cfa4516d07a467ef?s=96&d=mm&r=g","contentUrl":"https:\/\/secure.gravatar.com\/avatar\/e9c54e4d6a08bdf2cfa4516d07a467ef?s=96&d=mm&r=g","caption":"Fran\u00e7ois Viart"}}]}},"_links":{"self":[{"href":"https:\/\/soignerenperigord.fr\/index.php?rest_route=\/wp\/v2\/posts\/12744"}],"collection":[{"href":"https:\/\/soignerenperigord.fr\/index.php?rest_route=\/wp\/v2\/posts"}],"about":[{"href":"https:\/\/soignerenperigord.fr\/index.php?rest_route=\/wp\/v2\/types\/post"}],"author":[{"embeddable":true,"href":"https:\/\/soignerenperigord.fr\/index.php?rest_route=\/wp\/v2\/users\/20"}],"replies":[{"embeddable":true,"href":"https:\/\/soignerenperigord.fr\/index.php?rest_route=%2Fwp%2Fv2%2Fcomments&post=12744"}],"version-history":[{"count":10,"href":"https:\/\/soignerenperigord.fr\/index.php?rest_route=\/wp\/v2\/posts\/12744\/revisions"}],"predecessor-version":[{"id":15244,"href":"https:\/\/soignerenperigord.fr\/index.php?rest_route=\/wp\/v2\/posts\/12744\/revisions\/15244"}],"wp:featuredmedia":[{"embeddable":true,"href":"https:\/\/soignerenperigord.fr\/index.php?rest_route=\/wp\/v2\/media\/12764"}],"wp:attachment":[{"href":"https:\/\/soignerenperigord.fr\/index.php?rest_route=%2Fwp%2Fv2%2Fmedia&parent=12744"}],"wp:term":[{"taxonomy":"category","embeddable":true,"href":"https:\/\/soignerenperigord.fr\/index.php?rest_route=%2Fwp%2Fv2%2Fcategories&post=12744"},{"taxonomy":"post_tag","embeddable":true,"href":"https:\/\/soignerenperigord.fr\/index.php?rest_route=%2Fwp%2Fv2%2Ftags&post=12744"}],"curies":[{"name":"wp","href":"https:\/\/api.w.org\/{rel}","templated":true}]}}