{"id":11993,"date":"2024-07-24T14:42:27","date_gmt":"2024-07-24T12:42:27","guid":{"rendered":"https:\/\/soignerenperigord.fr\/?p=11993"},"modified":"2024-07-24T14:43:41","modified_gmt":"2024-07-24T12:43:41","slug":"integration-de-3-ipa-au-centre-hospitalier-vauclaire","status":"publish","type":"post","link":"https:\/\/soignerenperigord.fr\/?p=11993","title":{"rendered":"Int\u00e9gration de 3 IPA au Centre Hospitalier VAUCLAIRE"},"content":{"rendered":"\n<style type=\"text\/css\" data-created_by=\"avia_inline_auto\" id=\"style-css-av-o46jkp-89a9847354a7ea2fce620521c087aca9\">\n.avia-image-container.av-o46jkp-89a9847354a7ea2fce620521c087aca9 img.avia_image{\nbox-shadow:none;\n}\n.avia-image-container.av-o46jkp-89a9847354a7ea2fce620521c087aca9 .av-image-caption-overlay-center{\ncolor:#ffffff;\n}\n<\/style>\n<div  class='avia-image-container av-o46jkp-89a9847354a7ea2fce620521c087aca9 av-styling- avia-align-center  avia-builder-el-0  el_before_av_textblock  avia-builder-el-first '   itemprop=\"image\" itemscope=\"itemscope\" itemtype=\"https:\/\/schema.org\/ImageObject\" ><div class=\"avia-image-container-inner\"><div class=\"avia-image-overlay-wrap\"><img decoding=\"async\" class='wp-image-11995 avia-img-lazy-loading-not-11995 avia_image ' src=\"https:\/\/soignerenperigord.fr\/wp-content\/uploads\/2024\/07\/ipa-vauclaire-1030x579.png\" alt='' title='ipa vauclaire'  height=\"579\" width=\"1030\"  itemprop=\"thumbnailUrl\" srcset=\"https:\/\/soignerenperigord.fr\/wp-content\/uploads\/2024\/07\/ipa-vauclaire-1030x579.png 1030w, https:\/\/soignerenperigord.fr\/wp-content\/uploads\/2024\/07\/ipa-vauclaire-300x169.png 300w, https:\/\/soignerenperigord.fr\/wp-content\/uploads\/2024\/07\/ipa-vauclaire-768x432.png 768w, https:\/\/soignerenperigord.fr\/wp-content\/uploads\/2024\/07\/ipa-vauclaire-705x397.png 705w, https:\/\/soignerenperigord.fr\/wp-content\/uploads\/2024\/07\/ipa-vauclaire.png 1280w\" sizes=\"(max-width: 1030px) 100vw, 1030px\" \/><\/div><\/div><\/div>\n<section  class='av_textblock_section av-lyztz02r-55cedeff45a3ab65e3dcc88672d8abe6'  itemscope=\"itemscope\" itemtype=\"https:\/\/schema.org\/BlogPosting\" itemprop=\"blogPost\" ><div class='avia_textblock'  itemprop=\"text\" ><p>Depuis le 1er juillet 2024, 3 IPA (Infirmiers en Pratique Avanc\u00e9e) mention sant\u00e9 mentale et psychiatrie, interviennent sur le Centre Hospitalier de Vauclaire afin d&#8217;\u00e9largir et d&#8217;am\u00e9liorer la r\u00e9ponse \u00e0 la population du d\u00e9partement en termes de sant\u00e9 mentale.<\/p>\n<p>Les IPA disposent de comp\u00e9tences \u00e9largies \u00e0 l&#8217;interface de l&#8217;exercice infirmier et de l&#8217;exercice m\u00e9dical.<\/p>\n<p>Ils suivent des patients confi\u00e9s par un m\u00e9decin de l&#8217;\u00e9quipe de soins au sein de laquelle ils exercent sur la base d&#8217;un protocole d&#8217;organisation \u00e9tabli pour pr\u00e9ciser les modalit\u00e9s et les limitations de leur travail en commun.<\/p>\n<p>Les IPA ont la responsabilit\u00e9, du suivi r\u00e9gulier des patients pour leur pathologie et peuvent prescrire des examens compl\u00e9mentaires, demander des actes de suivi et de pr\u00e9vention, ou encore renouveler ou adapter, si n\u00e9cessaire certaines prescriptions m\u00e9dicales.&#8221;<\/p>\n<\/div><\/section>\n","protected":false},"excerpt":{"rendered":"","protected":false},"author":20,"featured_media":11995,"comment_status":"closed","ping_status":"open","sticky":false,"template":"","format":"standard","meta":[],"categories":[20],"tags":[],"acf":[],"yoast_head":"<!-- This site is optimized with the Yoast SEO plugin v19.13 - https:\/\/yoast.com\/wordpress\/plugins\/seo\/ -->\n<title>Int\u00e9gration de 3 IPA au Centre Hospitalier VAUCLAIRE - SoignerEnPerigord<\/title>\n<meta name=\"robots\" content=\"index, follow, max-snippet:-1, max-image-preview:large, max-video-preview:-1\" \/>\n<link rel=\"canonical\" href=\"https:\/\/soignerenperigord.fr\/?p=11993\" \/>\n<meta property=\"og:locale\" content=\"fr_FR\" \/>\n<meta property=\"og:type\" content=\"article\" \/>\n<meta property=\"og:title\" content=\"Int\u00e9gration de 3 IPA au Centre Hospitalier VAUCLAIRE - SoignerEnPerigord\" \/>\n<meta property=\"og:url\" content=\"https:\/\/soignerenperigord.fr\/?p=11993\" \/>\n<meta property=\"og:site_name\" content=\"SoignerEnPerigord\" \/>\n<meta property=\"article:published_time\" content=\"2024-07-24T12:42:27+00:00\" \/>\n<meta property=\"article:modified_time\" content=\"2024-07-24T12:43:41+00:00\" \/>\n<meta property=\"og:image\" content=\"https:\/\/soignerenperigord.fr\/wp-content\/uploads\/2024\/07\/ipa-vauclaire.png\" \/>\n\t<meta property=\"og:image:width\" content=\"1280\" \/>\n\t<meta property=\"og:image:height\" content=\"720\" \/>\n\t<meta property=\"og:image:type\" content=\"image\/png\" \/>\n<meta name=\"author\" content=\"Fran\u00e7ois Viart\" \/>\n<meta name=\"twitter:card\" content=\"summary_large_image\" \/>\n<meta name=\"twitter:label1\" content=\"Written by\" \/>\n\t<meta name=\"twitter:data1\" content=\"Fran\u00e7ois Viart\" \/>\n\t<meta name=\"twitter:label2\" content=\"Est. reading time\" \/>\n\t<meta name=\"twitter:data2\" content=\"2 minutes\" \/>\n<script type=\"application\/ld+json\" class=\"yoast-schema-graph\">{\"@context\":\"https:\/\/schema.org\",\"@graph\":[{\"@type\":\"WebPage\",\"@id\":\"https:\/\/soignerenperigord.fr\/?p=11993\",\"url\":\"https:\/\/soignerenperigord.fr\/?p=11993\",\"name\":\"Int\u00e9gration de 3 IPA au Centre Hospitalier VAUCLAIRE - SoignerEnPerigord\",\"isPartOf\":{\"@id\":\"https:\/\/soignerenperigord.fr\/#website\"},\"datePublished\":\"2024-07-24T12:42:27+00:00\",\"dateModified\":\"2024-07-24T12:43:41+00:00\",\"author\":{\"@id\":\"https:\/\/soignerenperigord.fr\/#\/schema\/person\/472d11aea5414a2261713a6c4c8383ef\"},\"breadcrumb\":{\"@id\":\"https:\/\/soignerenperigord.fr\/?p=11993#breadcrumb\"},\"inLanguage\":\"fr-FR\",\"potentialAction\":[{\"@type\":\"ReadAction\",\"target\":[\"https:\/\/soignerenperigord.fr\/?p=11993\"]}]},{\"@type\":\"BreadcrumbList\",\"@id\":\"https:\/\/soignerenperigord.fr\/?p=11993#breadcrumb\",\"itemListElement\":[{\"@type\":\"ListItem\",\"position\":1,\"name\":\"Home\",\"item\":\"https:\/\/soignerenperigord.fr\/?page_id=1809\"},{\"@type\":\"ListItem\",\"position\":2,\"name\":\"Int\u00e9gration de 3 IPA au Centre Hospitalier VAUCLAIRE\"}]},{\"@type\":\"WebSite\",\"@id\":\"https:\/\/soignerenperigord.fr\/#website\",\"url\":\"https:\/\/soignerenperigord.fr\/\",\"name\":\"SoignerEnPerigord\",\"description\":\"Un site utilisant WordPress\",\"potentialAction\":[{\"@type\":\"SearchAction\",\"target\":{\"@type\":\"EntryPoint\",\"urlTemplate\":\"https:\/\/soignerenperigord.fr\/?s={search_term_string}\"},\"query-input\":\"required name=search_term_string\"}],\"inLanguage\":\"fr-FR\"},{\"@type\":\"Person\",\"@id\":\"https:\/\/soignerenperigord.fr\/#\/schema\/person\/472d11aea5414a2261713a6c4c8383ef\",\"name\":\"Fran\u00e7ois Viart\",\"image\":{\"@type\":\"ImageObject\",\"inLanguage\":\"fr-FR\",\"@id\":\"https:\/\/soignerenperigord.fr\/#\/schema\/person\/image\/\",\"url\":\"https:\/\/secure.gravatar.com\/avatar\/e9c54e4d6a08bdf2cfa4516d07a467ef?s=96&d=mm&r=g\",\"contentUrl\":\"https:\/\/secure.gravatar.com\/avatar\/e9c54e4d6a08bdf2cfa4516d07a467ef?s=96&d=mm&r=g\",\"caption\":\"Fran\u00e7ois Viart\"}}]}<\/script>\n<!-- \/ Yoast SEO plugin. -->","yoast_head_json":{"title":"Int\u00e9gration de 3 IPA au Centre Hospitalier VAUCLAIRE - SoignerEnPerigord","robots":{"index":"index","follow":"follow","max-snippet":"max-snippet:-1","max-image-preview":"max-image-preview:large","max-video-preview":"max-video-preview:-1"},"canonical":"https:\/\/soignerenperigord.fr\/?p=11993","og_locale":"fr_FR","og_type":"article","og_title":"Int\u00e9gration de 3 IPA au Centre Hospitalier VAUCLAIRE - SoignerEnPerigord","og_url":"https:\/\/soignerenperigord.fr\/?p=11993","og_site_name":"SoignerEnPerigord","article_published_time":"2024-07-24T12:42:27+00:00","article_modified_time":"2024-07-24T12:43:41+00:00","og_image":[{"width":1280,"height":720,"url":"https:\/\/soignerenperigord.fr\/wp-content\/uploads\/2024\/07\/ipa-vauclaire.png","type":"image\/png"}],"author":"Fran\u00e7ois Viart","twitter_card":"summary_large_image","twitter_misc":{"Written by":"Fran\u00e7ois Viart","Est. reading time":"2 minutes"},"schema":{"@context":"https:\/\/schema.org","@graph":[{"@type":"WebPage","@id":"https:\/\/soignerenperigord.fr\/?p=11993","url":"https:\/\/soignerenperigord.fr\/?p=11993","name":"Int\u00e9gration de 3 IPA au Centre Hospitalier VAUCLAIRE - SoignerEnPerigord","isPartOf":{"@id":"https:\/\/soignerenperigord.fr\/#website"},"datePublished":"2024-07-24T12:42:27+00:00","dateModified":"2024-07-24T12:43:41+00:00","author":{"@id":"https:\/\/soignerenperigord.fr\/#\/schema\/person\/472d11aea5414a2261713a6c4c8383ef"},"breadcrumb":{"@id":"https:\/\/soignerenperigord.fr\/?p=11993#breadcrumb"},"inLanguage":"fr-FR","potentialAction":[{"@type":"ReadAction","target":["https:\/\/soignerenperigord.fr\/?p=11993"]}]},{"@type":"BreadcrumbList","@id":"https:\/\/soignerenperigord.fr\/?p=11993#breadcrumb","itemListElement":[{"@type":"ListItem","position":1,"name":"Home","item":"https:\/\/soignerenperigord.fr\/?page_id=1809"},{"@type":"ListItem","position":2,"name":"Int\u00e9gration de 3 IPA au Centre Hospitalier VAUCLAIRE"}]},{"@type":"WebSite","@id":"https:\/\/soignerenperigord.fr\/#website","url":"https:\/\/soignerenperigord.fr\/","name":"SoignerEnPerigord","description":"Un site utilisant WordPress","potentialAction":[{"@type":"SearchAction","target":{"@type":"EntryPoint","urlTemplate":"https:\/\/soignerenperigord.fr\/?s={search_term_string}"},"query-input":"required name=search_term_string"}],"inLanguage":"fr-FR"},{"@type":"Person","@id":"https:\/\/soignerenperigord.fr\/#\/schema\/person\/472d11aea5414a2261713a6c4c8383ef","name":"Fran\u00e7ois Viart","image":{"@type":"ImageObject","inLanguage":"fr-FR","@id":"https:\/\/soignerenperigord.fr\/#\/schema\/person\/image\/","url":"https:\/\/secure.gravatar.com\/avatar\/e9c54e4d6a08bdf2cfa4516d07a467ef?s=96&d=mm&r=g","contentUrl":"https:\/\/secure.gravatar.com\/avatar\/e9c54e4d6a08bdf2cfa4516d07a467ef?s=96&d=mm&r=g","caption":"Fran\u00e7ois Viart"}}]}},"_links":{"self":[{"href":"https:\/\/soignerenperigord.fr\/index.php?rest_route=\/wp\/v2\/posts\/11993"}],"collection":[{"href":"https:\/\/soignerenperigord.fr\/index.php?rest_route=\/wp\/v2\/posts"}],"about":[{"href":"https:\/\/soignerenperigord.fr\/index.php?rest_route=\/wp\/v2\/types\/post"}],"author":[{"embeddable":true,"href":"https:\/\/soignerenperigord.fr\/index.php?rest_route=\/wp\/v2\/users\/20"}],"replies":[{"embeddable":true,"href":"https:\/\/soignerenperigord.fr\/index.php?rest_route=%2Fwp%2Fv2%2Fcomments&post=11993"}],"version-history":[{"count":4,"href":"https:\/\/soignerenperigord.fr\/index.php?rest_route=\/wp\/v2\/posts\/11993\/revisions"}],"predecessor-version":[{"id":11999,"href":"https:\/\/soignerenperigord.fr\/index.php?rest_route=\/wp\/v2\/posts\/11993\/revisions\/11999"}],"wp:featuredmedia":[{"embeddable":true,"href":"https:\/\/soignerenperigord.fr\/index.php?rest_route=\/wp\/v2\/media\/11995"}],"wp:attachment":[{"href":"https:\/\/soignerenperigord.fr\/index.php?rest_route=%2Fwp%2Fv2%2Fmedia&parent=11993"}],"wp:term":[{"taxonomy":"category","embeddable":true,"href":"https:\/\/soignerenperigord.fr\/index.php?rest_route=%2Fwp%2Fv2%2Fcategories&post=11993"},{"taxonomy":"post_tag","embeddable":true,"href":"https:\/\/soignerenperigord.fr\/index.php?rest_route=%2Fwp%2Fv2%2Ftags&post=11993"}],"curies":[{"name":"wp","href":"https:\/\/api.w.org\/{rel}","templated":true}]}}