{"id":11903,"date":"2024-07-08T14:24:28","date_gmt":"2024-07-08T12:24:28","guid":{"rendered":"https:\/\/soignerenperigord.fr\/?p=11903"},"modified":"2024-07-08T14:27:36","modified_gmt":"2024-07-08T12:27:36","slug":"soigner-en-perigord-en-bergeracois","status":"publish","type":"post","link":"https:\/\/soignerenperigord.fr\/?p=11903","title":{"rendered":"Soigner en P\u00e9rigord en Bergeracois"},"content":{"rendered":"\n<style type=\"text\/css\" data-created_by=\"avia_inline_auto\" id=\"style-css-av-lycye07u-d3d01dcfce5dac1c500a06f6f1373387\">\n#top .av-special-heading.av-lycye07u-d3d01dcfce5dac1c500a06f6f1373387{\npadding-bottom:10px;\n}\nbody .av-special-heading.av-lycye07u-d3d01dcfce5dac1c500a06f6f1373387 .av-special-heading-tag .heading-char{\nfont-size:25px;\n}\n.av-special-heading.av-lycye07u-d3d01dcfce5dac1c500a06f6f1373387 .av-subheading{\nfont-size:15px;\n}\n<\/style>\n<div  class='av-special-heading av-lycye07u-d3d01dcfce5dac1c500a06f6f1373387 av-special-heading-h3  avia-builder-el-0  el_before_av_textblock  avia-builder-el-first '><h3 class='av-special-heading-tag'  itemprop=\"headline\"  >Soigner en P\u00e9rigord en Bergeracois<\/h3><div class=\"special-heading-border\"><div class=\"special-heading-inner-border\"><\/div><\/div><\/div>\n<section  class='av_textblock_section av-lycxfmsa-d3b0c012f857a11a25afbe4fa908b65b'  itemscope=\"itemscope\" itemtype=\"https:\/\/schema.org\/BlogPosting\" itemprop=\"blogPost\" ><div class='avia_textblock'  itemprop=\"text\" ><p>Mercredi 19 juin, \u00e0 l&#8217;occasion de la soir\u00e9e des stagiaires internes en m\u00e9decine sur le territoire de la Communaut\u00e9 de Commune de Bergerac, ont \u00e9t\u00e9 pr\u00e9sent\u00e9s le site Soigner en P\u00e9rigord, le Service d&#8217;aide \u00e0 l&#8217;installation des PS de sant\u00e9, Pr\u00e9sence M\u00e9dicale 24 ainsi que le film Opportunit\u00e9s Sant\u00e9; cliquer <a href=\"https:\/\/youtu.be\/7DTGE4APOBw\" target=\"_blank\" rel=\"noopener\">ici<\/a> pour le retrouver.<\/p>\n<\/div><\/section>\n<div  class='avia-video av-lycyaa5u-6a402d87767311595b5d443135df27ad avia-video-16-9 av-no-preview-image avia-video-load-always av-lazyload-immediate av-lazyload-video-embed'  itemprop=\"video\" itemtype=\"https:\/\/schema.org\/VideoObject\"  data-original_url='https:\/\/youtu.be\/7DTGE4APOBw'><script type='text\/html' class='av-video-tmpl'><div class='avia-iframe-wrap'><iframe title=\"Opportunite\u0301s Sante\u0301 - LA CAB\" width=\"1500\" height=\"844\" src=\"https:\/\/www.youtube.com\/embed\/7DTGE4APOBw?feature=oembed&autoplay=0&loop=0&controls=1&mute=0\" frameborder=\"0\" allow=\"accelerometer; autoplay; clipboard-write; encrypted-media; gyroscope; picture-in-picture; web-share\" referrerpolicy=\"strict-origin-when-cross-origin\" allowfullscreen><\/iframe><\/div><\/script><div class='av-click-to-play-overlay'><div class=\"avia_playpause_icon\"><\/div><\/div><\/div>\n","protected":false},"excerpt":{"rendered":"","protected":false},"author":20,"featured_media":11912,"comment_status":"closed","ping_status":"open","sticky":false,"template":"","format":"standard","meta":[],"categories":[20],"tags":[],"acf":[],"yoast_head":"<!-- This site is optimized with the Yoast SEO plugin v19.13 - https:\/\/yoast.com\/wordpress\/plugins\/seo\/ -->\n<title>Soigner en P\u00e9rigord en Bergeracois - SoignerEnPerigord<\/title>\n<meta name=\"robots\" content=\"index, follow, max-snippet:-1, max-image-preview:large, max-video-preview:-1\" \/>\n<link rel=\"canonical\" href=\"https:\/\/soignerenperigord.fr\/?p=11903\" \/>\n<meta property=\"og:locale\" content=\"fr_FR\" \/>\n<meta property=\"og:type\" content=\"article\" \/>\n<meta property=\"og:title\" content=\"Soigner en P\u00e9rigord en Bergeracois - SoignerEnPerigord\" \/>\n<meta property=\"og:url\" content=\"https:\/\/soignerenperigord.fr\/?p=11903\" \/>\n<meta property=\"og:site_name\" content=\"SoignerEnPerigord\" \/>\n<meta property=\"article:published_time\" content=\"2024-07-08T12:24:28+00:00\" \/>\n<meta property=\"article:modified_time\" content=\"2024-07-08T12:27:36+00:00\" \/>\n<meta property=\"og:image\" content=\"https:\/\/soignerenperigord.fr\/wp-content\/uploads\/2024\/07\/Image20240708142713.png\" \/>\n\t<meta property=\"og:image:width\" content=\"602\" \/>\n\t<meta property=\"og:image:height\" content=\"353\" \/>\n\t<meta property=\"og:image:type\" content=\"image\/png\" \/>\n<meta name=\"author\" content=\"Fran\u00e7ois Viart\" \/>\n<meta name=\"twitter:card\" content=\"summary_large_image\" \/>\n<meta name=\"twitter:label1\" content=\"Written by\" \/>\n\t<meta name=\"twitter:data1\" content=\"Fran\u00e7ois Viart\" \/>\n\t<meta name=\"twitter:label2\" content=\"Est. reading time\" \/>\n\t<meta name=\"twitter:data2\" content=\"1 minute\" \/>\n<script type=\"application\/ld+json\" class=\"yoast-schema-graph\">{\"@context\":\"https:\/\/schema.org\",\"@graph\":[{\"@type\":\"WebPage\",\"@id\":\"https:\/\/soignerenperigord.fr\/?p=11903\",\"url\":\"https:\/\/soignerenperigord.fr\/?p=11903\",\"name\":\"Soigner en P\u00e9rigord en Bergeracois - SoignerEnPerigord\",\"isPartOf\":{\"@id\":\"https:\/\/soignerenperigord.fr\/#website\"},\"datePublished\":\"2024-07-08T12:24:28+00:00\",\"dateModified\":\"2024-07-08T12:27:36+00:00\",\"author\":{\"@id\":\"https:\/\/soignerenperigord.fr\/#\/schema\/person\/472d11aea5414a2261713a6c4c8383ef\"},\"breadcrumb\":{\"@id\":\"https:\/\/soignerenperigord.fr\/?p=11903#breadcrumb\"},\"inLanguage\":\"fr-FR\",\"potentialAction\":[{\"@type\":\"ReadAction\",\"target\":[\"https:\/\/soignerenperigord.fr\/?p=11903\"]}]},{\"@type\":\"BreadcrumbList\",\"@id\":\"https:\/\/soignerenperigord.fr\/?p=11903#breadcrumb\",\"itemListElement\":[{\"@type\":\"ListItem\",\"position\":1,\"name\":\"Home\",\"item\":\"https:\/\/soignerenperigord.fr\/?page_id=1809\"},{\"@type\":\"ListItem\",\"position\":2,\"name\":\"Soigner en P\u00e9rigord en Bergeracois\"}]},{\"@type\":\"WebSite\",\"@id\":\"https:\/\/soignerenperigord.fr\/#website\",\"url\":\"https:\/\/soignerenperigord.fr\/\",\"name\":\"SoignerEnPerigord\",\"description\":\"Un site utilisant WordPress\",\"potentialAction\":[{\"@type\":\"SearchAction\",\"target\":{\"@type\":\"EntryPoint\",\"urlTemplate\":\"https:\/\/soignerenperigord.fr\/?s={search_term_string}\"},\"query-input\":\"required name=search_term_string\"}],\"inLanguage\":\"fr-FR\"},{\"@type\":\"Person\",\"@id\":\"https:\/\/soignerenperigord.fr\/#\/schema\/person\/472d11aea5414a2261713a6c4c8383ef\",\"name\":\"Fran\u00e7ois Viart\",\"image\":{\"@type\":\"ImageObject\",\"inLanguage\":\"fr-FR\",\"@id\":\"https:\/\/soignerenperigord.fr\/#\/schema\/person\/image\/\",\"url\":\"https:\/\/secure.gravatar.com\/avatar\/e9c54e4d6a08bdf2cfa4516d07a467ef?s=96&d=mm&r=g\",\"contentUrl\":\"https:\/\/secure.gravatar.com\/avatar\/e9c54e4d6a08bdf2cfa4516d07a467ef?s=96&d=mm&r=g\",\"caption\":\"Fran\u00e7ois Viart\"}}]}<\/script>\n<!-- \/ Yoast SEO plugin. -->","yoast_head_json":{"title":"Soigner en P\u00e9rigord en Bergeracois - SoignerEnPerigord","robots":{"index":"index","follow":"follow","max-snippet":"max-snippet:-1","max-image-preview":"max-image-preview:large","max-video-preview":"max-video-preview:-1"},"canonical":"https:\/\/soignerenperigord.fr\/?p=11903","og_locale":"fr_FR","og_type":"article","og_title":"Soigner en P\u00e9rigord en Bergeracois - SoignerEnPerigord","og_url":"https:\/\/soignerenperigord.fr\/?p=11903","og_site_name":"SoignerEnPerigord","article_published_time":"2024-07-08T12:24:28+00:00","article_modified_time":"2024-07-08T12:27:36+00:00","og_image":[{"width":602,"height":353,"url":"https:\/\/soignerenperigord.fr\/wp-content\/uploads\/2024\/07\/Image20240708142713.png","type":"image\/png"}],"author":"Fran\u00e7ois Viart","twitter_card":"summary_large_image","twitter_misc":{"Written by":"Fran\u00e7ois Viart","Est. reading time":"1 minute"},"schema":{"@context":"https:\/\/schema.org","@graph":[{"@type":"WebPage","@id":"https:\/\/soignerenperigord.fr\/?p=11903","url":"https:\/\/soignerenperigord.fr\/?p=11903","name":"Soigner en P\u00e9rigord en Bergeracois - SoignerEnPerigord","isPartOf":{"@id":"https:\/\/soignerenperigord.fr\/#website"},"datePublished":"2024-07-08T12:24:28+00:00","dateModified":"2024-07-08T12:27:36+00:00","author":{"@id":"https:\/\/soignerenperigord.fr\/#\/schema\/person\/472d11aea5414a2261713a6c4c8383ef"},"breadcrumb":{"@id":"https:\/\/soignerenperigord.fr\/?p=11903#breadcrumb"},"inLanguage":"fr-FR","potentialAction":[{"@type":"ReadAction","target":["https:\/\/soignerenperigord.fr\/?p=11903"]}]},{"@type":"BreadcrumbList","@id":"https:\/\/soignerenperigord.fr\/?p=11903#breadcrumb","itemListElement":[{"@type":"ListItem","position":1,"name":"Home","item":"https:\/\/soignerenperigord.fr\/?page_id=1809"},{"@type":"ListItem","position":2,"name":"Soigner en P\u00e9rigord en Bergeracois"}]},{"@type":"WebSite","@id":"https:\/\/soignerenperigord.fr\/#website","url":"https:\/\/soignerenperigord.fr\/","name":"SoignerEnPerigord","description":"Un site utilisant WordPress","potentialAction":[{"@type":"SearchAction","target":{"@type":"EntryPoint","urlTemplate":"https:\/\/soignerenperigord.fr\/?s={search_term_string}"},"query-input":"required name=search_term_string"}],"inLanguage":"fr-FR"},{"@type":"Person","@id":"https:\/\/soignerenperigord.fr\/#\/schema\/person\/472d11aea5414a2261713a6c4c8383ef","name":"Fran\u00e7ois Viart","image":{"@type":"ImageObject","inLanguage":"fr-FR","@id":"https:\/\/soignerenperigord.fr\/#\/schema\/person\/image\/","url":"https:\/\/secure.gravatar.com\/avatar\/e9c54e4d6a08bdf2cfa4516d07a467ef?s=96&d=mm&r=g","contentUrl":"https:\/\/secure.gravatar.com\/avatar\/e9c54e4d6a08bdf2cfa4516d07a467ef?s=96&d=mm&r=g","caption":"Fran\u00e7ois Viart"}}]}},"_links":{"self":[{"href":"https:\/\/soignerenperigord.fr\/index.php?rest_route=\/wp\/v2\/posts\/11903"}],"collection":[{"href":"https:\/\/soignerenperigord.fr\/index.php?rest_route=\/wp\/v2\/posts"}],"about":[{"href":"https:\/\/soignerenperigord.fr\/index.php?rest_route=\/wp\/v2\/types\/post"}],"author":[{"embeddable":true,"href":"https:\/\/soignerenperigord.fr\/index.php?rest_route=\/wp\/v2\/users\/20"}],"replies":[{"embeddable":true,"href":"https:\/\/soignerenperigord.fr\/index.php?rest_route=%2Fwp%2Fv2%2Fcomments&post=11903"}],"version-history":[{"count":6,"href":"https:\/\/soignerenperigord.fr\/index.php?rest_route=\/wp\/v2\/posts\/11903\/revisions"}],"predecessor-version":[{"id":11911,"href":"https:\/\/soignerenperigord.fr\/index.php?rest_route=\/wp\/v2\/posts\/11903\/revisions\/11911"}],"wp:featuredmedia":[{"embeddable":true,"href":"https:\/\/soignerenperigord.fr\/index.php?rest_route=\/wp\/v2\/media\/11912"}],"wp:attachment":[{"href":"https:\/\/soignerenperigord.fr\/index.php?rest_route=%2Fwp%2Fv2%2Fmedia&parent=11903"}],"wp:term":[{"taxonomy":"category","embeddable":true,"href":"https:\/\/soignerenperigord.fr\/index.php?rest_route=%2Fwp%2Fv2%2Fcategories&post=11903"},{"taxonomy":"post_tag","embeddable":true,"href":"https:\/\/soignerenperigord.fr\/index.php?rest_route=%2Fwp%2Fv2%2Ftags&post=11903"}],"curies":[{"name":"wp","href":"https:\/\/api.w.org\/{rel}","templated":true}]}}