{"id":10066,"date":"2023-10-23T10:10:57","date_gmt":"2023-10-23T08:10:57","guid":{"rendered":"https:\/\/soignerenperigord.fr\/?p=10066"},"modified":"2023-10-26T09:54:04","modified_gmt":"2023-10-26T07:54:04","slug":"jnmg-2023-le-departement-de-la-dordogne-et-ses-partenaires-a-paris-pour-une-operation-seduction-des-medecins-generalistesjnmg-2023","status":"publish","type":"post","link":"https:\/\/soignerenperigord.fr\/?p=10066","title":{"rendered":"Le D\u00e9partement de la Dordogne et ses partenaires \u00e0 Paris pour une op\u00e9ration s\u00e9duction des m\u00e9decins g\u00e9n\u00e9ralistes JNMG 2023"},"content":{"rendered":"<section  class='av_textblock_section av-wu287m-abe51196f87c4dccca4cf65d6295f029'  itemscope=\"itemscope\" itemtype=\"https:\/\/schema.org\/BlogPosting\" itemprop=\"blogPost\" ><div class='avia_textblock'  itemprop=\"text\" ><p>Le Conseil d\u00e9partemental de la Dordogne et la Caisse Primaire d\u2019Assurance Maladie (CPAM) de la Dordogne \u00e9taient pr\u00e9sents aux <strong>Journ\u00e9es nationales de m\u00e9decine g\u00e9n\u00e9rale<\/strong> organis\u00e9es au CNIT \u00e0 Paris-La D\u00e9fense les 12 et 13 octobre derniers avec ses partenaires que sont, l\u2019Union des maires (UDM24), le Centre Hospitalier de P\u00e9rigueux, le Service D\u00e9partemental d\u2019Incendie et de Secours (SDIS24) et la Communaut\u00e9 d\u2019Agglom\u00e9ration Bergeracoise (CAB).<\/p>\n<p><strong>Congressistes en pr\u00e9sentiel\u00a0: <\/strong><\/p>\n<ul>\n<li><strong>2\u00a0117 visiteurs uniques<\/strong> sur les deux jours r\u00e9partis\u00a0:\n<ul>\n<li><strong>1 579<\/strong> professionnels de sant\u00e9 uniques soit\u00a0<strong>: +8% vs 2022 et +46% vs 2021 <\/strong><em>(p\u00e9riode Covid)<\/em><\/li>\n<li>121 staff technique \/ agence\u2026<\/li>\n<li>417 invit\u00e9s \/ membres de l\u2019industrie (marketing \/ m\u00e9dical)<\/li>\n<\/ul>\n<\/li>\n<li>Paris-Province\u00a0: 37%\u00a0\/ 53%<\/li>\n<li>79% de m\u00e9decins, 20% d\u2019internes et 1% d\u2019\u00e9tudiants<\/li>\n<li>65% de femmes, 35% d\u2019hommes<\/li>\n<li>Moyenne d\u2019\u00e2ge 43 ans vs 51 ans en \u00e2ge m\u00e9dian national<\/li>\n<li>7% d\u2019\u00e9trangers francophones.<\/li>\n<\/ul>\n<\/div><\/section>\n\n\n<style type=\"text\/css\" data-created_by=\"avia_inline_auto\" id=\"style-css-av-lo2p7is2-05e0872a1f17ada174d65e860ab79c29\">\n.avia-image-container.av-lo2p7is2-05e0872a1f17ada174d65e860ab79c29 img.avia_image{\nbox-shadow:none;\n}\n.avia-image-container.av-lo2p7is2-05e0872a1f17ada174d65e860ab79c29 .av-image-caption-overlay-center{\ncolor:#ffffff;\n}\n<\/style>\n<div  class='avia-image-container av-lo2p7is2-05e0872a1f17ada174d65e860ab79c29 av-styling- avia-align-center  avia-builder-el-2  el_after_av_image  el_before_av_image '   itemprop=\"image\" itemscope=\"itemscope\" itemtype=\"https:\/\/schema.org\/ImageObject\" ><div class=\"avia-image-container-inner\"><div class=\"avia-image-overlay-wrap\"><img decoding=\"async\" class='wp-image-10078 avia-img-lazy-loading-not-10078 avia_image ' src=\"https:\/\/soignerenperigord.fr\/wp-content\/uploads\/2023\/10\/JNMG_3786-1030x773.jpg\" alt='' title='JNMG_3786'  height=\"773\" width=\"1030\"  itemprop=\"thumbnailUrl\" srcset=\"https:\/\/soignerenperigord.fr\/wp-content\/uploads\/2023\/10\/JNMG_3786-1030x773.jpg 1030w, https:\/\/soignerenperigord.fr\/wp-content\/uploads\/2023\/10\/JNMG_3786-300x225.jpg 300w, https:\/\/soignerenperigord.fr\/wp-content\/uploads\/2023\/10\/JNMG_3786-768x576.jpg 768w, https:\/\/soignerenperigord.fr\/wp-content\/uploads\/2023\/10\/JNMG_3786-1536x1152.jpg 1536w, https:\/\/soignerenperigord.fr\/wp-content\/uploads\/2023\/10\/JNMG_3786-2048x1536.jpg 2048w, https:\/\/soignerenperigord.fr\/wp-content\/uploads\/2023\/10\/JNMG_3786-1500x1125.jpg 1500w, https:\/\/soignerenperigord.fr\/wp-content\/uploads\/2023\/10\/JNMG_3786-705x529.jpg 705w\" sizes=\"(max-width: 1030px) 100vw, 1030px\" \/><\/div><\/div><\/div>\n\n<style type=\"text\/css\" data-created_by=\"avia_inline_auto\" id=\"style-css-av-lo2p80yf-f08b3045afc5d2ce89b3d89ffbb0badf\">\n.avia-image-container.av-lo2p80yf-f08b3045afc5d2ce89b3d89ffbb0badf img.avia_image{\nbox-shadow:none;\n}\n.avia-image-container.av-lo2p80yf-f08b3045afc5d2ce89b3d89ffbb0badf .av-image-caption-overlay-center{\ncolor:#ffffff;\n}\n<\/style>\n<div  class='avia-image-container av-lo2p80yf-f08b3045afc5d2ce89b3d89ffbb0badf av-styling- avia-align-center  avia-builder-el-3  el_after_av_image  el_before_av_image '   itemprop=\"image\" itemscope=\"itemscope\" itemtype=\"https:\/\/schema.org\/ImageObject\" ><div class=\"avia-image-container-inner\"><div class=\"avia-image-overlay-wrap\"><img decoding=\"async\" class='wp-image-10079 avia-img-lazy-loading-not-10079 avia_image ' src=\"https:\/\/soignerenperigord.fr\/wp-content\/uploads\/2023\/10\/JNMG_3806-1030x773.jpg\" alt='' title='JNMG_3806'  height=\"773\" width=\"1030\"  itemprop=\"thumbnailUrl\" srcset=\"https:\/\/soignerenperigord.fr\/wp-content\/uploads\/2023\/10\/JNMG_3806-1030x773.jpg 1030w, https:\/\/soignerenperigord.fr\/wp-content\/uploads\/2023\/10\/JNMG_3806-300x225.jpg 300w, https:\/\/soignerenperigord.fr\/wp-content\/uploads\/2023\/10\/JNMG_3806-768x576.jpg 768w, https:\/\/soignerenperigord.fr\/wp-content\/uploads\/2023\/10\/JNMG_3806-1536x1152.jpg 1536w, https:\/\/soignerenperigord.fr\/wp-content\/uploads\/2023\/10\/JNMG_3806-2048x1536.jpg 2048w, https:\/\/soignerenperigord.fr\/wp-content\/uploads\/2023\/10\/JNMG_3806-1500x1125.jpg 1500w, https:\/\/soignerenperigord.fr\/wp-content\/uploads\/2023\/10\/JNMG_3806-705x529.jpg 705w\" sizes=\"(max-width: 1030px) 100vw, 1030px\" \/><\/div><\/div><\/div>\n\n<style type=\"text\/css\" data-created_by=\"avia_inline_auto\" id=\"style-css-av-lo2p8do1-b8f1b6e7bdd5c28468bd50040ee56e81\">\n.avia-image-container.av-lo2p8do1-b8f1b6e7bdd5c28468bd50040ee56e81 img.avia_image{\nbox-shadow:none;\n}\n.avia-image-container.av-lo2p8do1-b8f1b6e7bdd5c28468bd50040ee56e81 .av-image-caption-overlay-center{\ncolor:#ffffff;\n}\n<\/style>\n<div  class='avia-image-container av-lo2p8do1-b8f1b6e7bdd5c28468bd50040ee56e81 av-styling- avia-align-center  avia-builder-el-4  el_after_av_image  el_before_av_image '   itemprop=\"image\" itemscope=\"itemscope\" itemtype=\"https:\/\/schema.org\/ImageObject\" ><div class=\"avia-image-container-inner\"><div class=\"avia-image-overlay-wrap\"><img decoding=\"async\" class='wp-image-10080 avia-img-lazy-loading-not-10080 avia_image ' src=\"https:\/\/soignerenperigord.fr\/wp-content\/uploads\/2023\/10\/JNMG_3789-1030x773.jpg\" alt='' title='JNMG_3789'  height=\"773\" width=\"1030\"  itemprop=\"thumbnailUrl\" srcset=\"https:\/\/soignerenperigord.fr\/wp-content\/uploads\/2023\/10\/JNMG_3789-1030x773.jpg 1030w, https:\/\/soignerenperigord.fr\/wp-content\/uploads\/2023\/10\/JNMG_3789-300x225.jpg 300w, https:\/\/soignerenperigord.fr\/wp-content\/uploads\/2023\/10\/JNMG_3789-768x576.jpg 768w, https:\/\/soignerenperigord.fr\/wp-content\/uploads\/2023\/10\/JNMG_3789-1536x1152.jpg 1536w, https:\/\/soignerenperigord.fr\/wp-content\/uploads\/2023\/10\/JNMG_3789-2048x1536.jpg 2048w, https:\/\/soignerenperigord.fr\/wp-content\/uploads\/2023\/10\/JNMG_3789-1500x1125.jpg 1500w, https:\/\/soignerenperigord.fr\/wp-content\/uploads\/2023\/10\/JNMG_3789-705x529.jpg 705w\" sizes=\"(max-width: 1030px) 100vw, 1030px\" \/><\/div><\/div><\/div>\n\n<style type=\"text\/css\" data-created_by=\"avia_inline_auto\" id=\"style-css-av-lo2p8qrd-6b6f08a53ad83bd9a32a9b0ad954e87f\">\n.avia-image-container.av-lo2p8qrd-6b6f08a53ad83bd9a32a9b0ad954e87f img.avia_image{\nbox-shadow:none;\n}\n.avia-image-container.av-lo2p8qrd-6b6f08a53ad83bd9a32a9b0ad954e87f .av-image-caption-overlay-center{\ncolor:#ffffff;\n}\n<\/style>\n<div  class='avia-image-container av-lo2p8qrd-6b6f08a53ad83bd9a32a9b0ad954e87f av-styling- avia-align-center  avia-builder-el-5  el_after_av_image  el_before_av_image '   itemprop=\"image\" itemscope=\"itemscope\" itemtype=\"https:\/\/schema.org\/ImageObject\" ><div class=\"avia-image-container-inner\"><div class=\"avia-image-overlay-wrap\"><img decoding=\"async\" class='wp-image-10081 avia-img-lazy-loading-not-10081 avia_image ' src=\"https:\/\/soignerenperigord.fr\/wp-content\/uploads\/2023\/10\/JNMG_0399-1030x773.jpg\" alt='' title='JNMG_0399'  height=\"773\" width=\"1030\"  itemprop=\"thumbnailUrl\" srcset=\"https:\/\/soignerenperigord.fr\/wp-content\/uploads\/2023\/10\/JNMG_0399-1030x773.jpg 1030w, https:\/\/soignerenperigord.fr\/wp-content\/uploads\/2023\/10\/JNMG_0399-300x225.jpg 300w, https:\/\/soignerenperigord.fr\/wp-content\/uploads\/2023\/10\/JNMG_0399-768x576.jpg 768w, https:\/\/soignerenperigord.fr\/wp-content\/uploads\/2023\/10\/JNMG_0399-705x529.jpg 705w, https:\/\/soignerenperigord.fr\/wp-content\/uploads\/2023\/10\/JNMG_0399.jpg 1156w\" sizes=\"(max-width: 1030px) 100vw, 1030px\" \/><\/div><\/div><\/div>\n\n<style type=\"text\/css\" data-created_by=\"avia_inline_auto\" id=\"style-css-av-lo2plupg-393055f9e0ad2fe974c075d9c897312e\">\n.avia-image-container.av-lo2plupg-393055f9e0ad2fe974c075d9c897312e img.avia_image{\nbox-shadow:none;\n}\n.avia-image-container.av-lo2plupg-393055f9e0ad2fe974c075d9c897312e .av-image-caption-overlay-center{\ncolor:#ffffff;\n}\n<\/style>\n<div  class='avia-image-container av-lo2plupg-393055f9e0ad2fe974c075d9c897312e av-styling- avia-align-center  avia-builder-el-6  el_after_av_image  avia-builder-el-last '   itemprop=\"image\" itemscope=\"itemscope\" itemtype=\"https:\/\/schema.org\/ImageObject\" ><div class=\"avia-image-container-inner\"><div class=\"avia-image-overlay-wrap\"><img decoding=\"async\" class='wp-image-10070 avia-img-lazy-loading-not-10070 avia_image ' src=\"https:\/\/soignerenperigord.fr\/wp-content\/uploads\/2023\/10\/PARIS-LA-DEFENSE-1030x476.jpg\" alt='' title='PARIS LA DEFENSE'  height=\"476\" width=\"1030\"  itemprop=\"thumbnailUrl\" srcset=\"https:\/\/soignerenperigord.fr\/wp-content\/uploads\/2023\/10\/PARIS-LA-DEFENSE-1030x476.jpg 1030w, https:\/\/soignerenperigord.fr\/wp-content\/uploads\/2023\/10\/PARIS-LA-DEFENSE-300x139.jpg 300w, https:\/\/soignerenperigord.fr\/wp-content\/uploads\/2023\/10\/PARIS-LA-DEFENSE-768x355.jpg 768w, https:\/\/soignerenperigord.fr\/wp-content\/uploads\/2023\/10\/PARIS-LA-DEFENSE-1536x710.jpg 1536w, https:\/\/soignerenperigord.fr\/wp-content\/uploads\/2023\/10\/PARIS-LA-DEFENSE-2048x946.jpg 2048w, https:\/\/soignerenperigord.fr\/wp-content\/uploads\/2023\/10\/PARIS-LA-DEFENSE-1500x693.jpg 1500w, https:\/\/soignerenperigord.fr\/wp-content\/uploads\/2023\/10\/PARIS-LA-DEFENSE-705x326.jpg 705w\" sizes=\"(max-width: 1030px) 100vw, 1030px\" \/><\/div><\/div><\/div>\n","protected":false},"excerpt":{"rendered":"","protected":false},"author":20,"featured_media":10058,"comment_status":"closed","ping_status":"open","sticky":false,"template":"","format":"standard","meta":[],"categories":[20],"tags":[],"acf":[],"yoast_head":"<!-- This site is optimized with the Yoast SEO plugin v19.13 - https:\/\/yoast.com\/wordpress\/plugins\/seo\/ -->\n<title>Le D\u00e9partement de la Dordogne et ses partenaires \u00e0 Paris pour une op\u00e9ration s\u00e9duction des m\u00e9decins g\u00e9n\u00e9ralistes JNMG 2023 - SoignerEnPerigord<\/title>\n<meta name=\"robots\" content=\"index, follow, max-snippet:-1, max-image-preview:large, max-video-preview:-1\" \/>\n<link rel=\"canonical\" href=\"https:\/\/soignerenperigord.fr\/?p=10066\" \/>\n<meta property=\"og:locale\" content=\"fr_FR\" \/>\n<meta property=\"og:type\" content=\"article\" \/>\n<meta property=\"og:title\" content=\"Le D\u00e9partement de la Dordogne et ses partenaires \u00e0 Paris pour une op\u00e9ration s\u00e9duction des m\u00e9decins g\u00e9n\u00e9ralistes JNMG 2023 - SoignerEnPerigord\" \/>\n<meta property=\"og:url\" content=\"https:\/\/soignerenperigord.fr\/?p=10066\" \/>\n<meta property=\"og:site_name\" content=\"SoignerEnPerigord\" \/>\n<meta property=\"article:published_time\" content=\"2023-10-23T08:10:57+00:00\" \/>\n<meta property=\"article:modified_time\" content=\"2023-10-26T07:54:04+00:00\" \/>\n<meta property=\"og:image\" content=\"https:\/\/soignerenperigord.fr\/wp-content\/uploads\/2023\/10\/Logo-JNMG.png\" \/>\n\t<meta property=\"og:image:width\" content=\"480\" \/>\n\t<meta property=\"og:image:height\" content=\"232\" \/>\n\t<meta property=\"og:image:type\" content=\"image\/png\" \/>\n<meta name=\"author\" content=\"Fran\u00e7ois Viart\" \/>\n<meta name=\"twitter:card\" content=\"summary_large_image\" \/>\n<meta name=\"twitter:label1\" content=\"Written by\" \/>\n\t<meta name=\"twitter:data1\" content=\"Fran\u00e7ois Viart\" \/>\n\t<meta name=\"twitter:label2\" content=\"Est. reading time\" \/>\n\t<meta name=\"twitter:data2\" content=\"4 minutes\" \/>\n<script type=\"application\/ld+json\" class=\"yoast-schema-graph\">{\"@context\":\"https:\/\/schema.org\",\"@graph\":[{\"@type\":\"WebPage\",\"@id\":\"https:\/\/soignerenperigord.fr\/?p=10066\",\"url\":\"https:\/\/soignerenperigord.fr\/?p=10066\",\"name\":\"Le D\u00e9partement de la Dordogne et ses partenaires \u00e0 Paris pour une op\u00e9ration s\u00e9duction des m\u00e9decins g\u00e9n\u00e9ralistes JNMG 2023 - SoignerEnPerigord\",\"isPartOf\":{\"@id\":\"https:\/\/soignerenperigord.fr\/#website\"},\"datePublished\":\"2023-10-23T08:10:57+00:00\",\"dateModified\":\"2023-10-26T07:54:04+00:00\",\"author\":{\"@id\":\"https:\/\/soignerenperigord.fr\/#\/schema\/person\/472d11aea5414a2261713a6c4c8383ef\"},\"breadcrumb\":{\"@id\":\"https:\/\/soignerenperigord.fr\/?p=10066#breadcrumb\"},\"inLanguage\":\"fr-FR\",\"potentialAction\":[{\"@type\":\"ReadAction\",\"target\":[\"https:\/\/soignerenperigord.fr\/?p=10066\"]}]},{\"@type\":\"BreadcrumbList\",\"@id\":\"https:\/\/soignerenperigord.fr\/?p=10066#breadcrumb\",\"itemListElement\":[{\"@type\":\"ListItem\",\"position\":1,\"name\":\"Home\",\"item\":\"https:\/\/soignerenperigord.fr\/?page_id=1809\"},{\"@type\":\"ListItem\",\"position\":2,\"name\":\"Le D\u00e9partement de la Dordogne et ses partenaires \u00e0 Paris pour une op\u00e9ration s\u00e9duction des m\u00e9decins g\u00e9n\u00e9ralistes JNMG 2023\"}]},{\"@type\":\"WebSite\",\"@id\":\"https:\/\/soignerenperigord.fr\/#website\",\"url\":\"https:\/\/soignerenperigord.fr\/\",\"name\":\"SoignerEnPerigord\",\"description\":\"Un site utilisant WordPress\",\"potentialAction\":[{\"@type\":\"SearchAction\",\"target\":{\"@type\":\"EntryPoint\",\"urlTemplate\":\"https:\/\/soignerenperigord.fr\/?s={search_term_string}\"},\"query-input\":\"required name=search_term_string\"}],\"inLanguage\":\"fr-FR\"},{\"@type\":\"Person\",\"@id\":\"https:\/\/soignerenperigord.fr\/#\/schema\/person\/472d11aea5414a2261713a6c4c8383ef\",\"name\":\"Fran\u00e7ois Viart\",\"image\":{\"@type\":\"ImageObject\",\"inLanguage\":\"fr-FR\",\"@id\":\"https:\/\/soignerenperigord.fr\/#\/schema\/person\/image\/\",\"url\":\"https:\/\/secure.gravatar.com\/avatar\/e9c54e4d6a08bdf2cfa4516d07a467ef?s=96&d=mm&r=g\",\"contentUrl\":\"https:\/\/secure.gravatar.com\/avatar\/e9c54e4d6a08bdf2cfa4516d07a467ef?s=96&d=mm&r=g\",\"caption\":\"Fran\u00e7ois Viart\"}}]}<\/script>\n<!-- \/ Yoast SEO plugin. -->","yoast_head_json":{"title":"Le D\u00e9partement de la Dordogne et ses partenaires \u00e0 Paris pour une op\u00e9ration s\u00e9duction des m\u00e9decins g\u00e9n\u00e9ralistes JNMG 2023 - SoignerEnPerigord","robots":{"index":"index","follow":"follow","max-snippet":"max-snippet:-1","max-image-preview":"max-image-preview:large","max-video-preview":"max-video-preview:-1"},"canonical":"https:\/\/soignerenperigord.fr\/?p=10066","og_locale":"fr_FR","og_type":"article","og_title":"Le D\u00e9partement de la Dordogne et ses partenaires \u00e0 Paris pour une op\u00e9ration s\u00e9duction des m\u00e9decins g\u00e9n\u00e9ralistes JNMG 2023 - SoignerEnPerigord","og_url":"https:\/\/soignerenperigord.fr\/?p=10066","og_site_name":"SoignerEnPerigord","article_published_time":"2023-10-23T08:10:57+00:00","article_modified_time":"2023-10-26T07:54:04+00:00","og_image":[{"width":480,"height":232,"url":"https:\/\/soignerenperigord.fr\/wp-content\/uploads\/2023\/10\/Logo-JNMG.png","type":"image\/png"}],"author":"Fran\u00e7ois Viart","twitter_card":"summary_large_image","twitter_misc":{"Written by":"Fran\u00e7ois Viart","Est. reading time":"4 minutes"},"schema":{"@context":"https:\/\/schema.org","@graph":[{"@type":"WebPage","@id":"https:\/\/soignerenperigord.fr\/?p=10066","url":"https:\/\/soignerenperigord.fr\/?p=10066","name":"Le D\u00e9partement de la Dordogne et ses partenaires \u00e0 Paris pour une op\u00e9ration s\u00e9duction des m\u00e9decins g\u00e9n\u00e9ralistes JNMG 2023 - SoignerEnPerigord","isPartOf":{"@id":"https:\/\/soignerenperigord.fr\/#website"},"datePublished":"2023-10-23T08:10:57+00:00","dateModified":"2023-10-26T07:54:04+00:00","author":{"@id":"https:\/\/soignerenperigord.fr\/#\/schema\/person\/472d11aea5414a2261713a6c4c8383ef"},"breadcrumb":{"@id":"https:\/\/soignerenperigord.fr\/?p=10066#breadcrumb"},"inLanguage":"fr-FR","potentialAction":[{"@type":"ReadAction","target":["https:\/\/soignerenperigord.fr\/?p=10066"]}]},{"@type":"BreadcrumbList","@id":"https:\/\/soignerenperigord.fr\/?p=10066#breadcrumb","itemListElement":[{"@type":"ListItem","position":1,"name":"Home","item":"https:\/\/soignerenperigord.fr\/?page_id=1809"},{"@type":"ListItem","position":2,"name":"Le D\u00e9partement de la Dordogne et ses partenaires \u00e0 Paris pour une op\u00e9ration s\u00e9duction des m\u00e9decins g\u00e9n\u00e9ralistes JNMG 2023"}]},{"@type":"WebSite","@id":"https:\/\/soignerenperigord.fr\/#website","url":"https:\/\/soignerenperigord.fr\/","name":"SoignerEnPerigord","description":"Un site utilisant WordPress","potentialAction":[{"@type":"SearchAction","target":{"@type":"EntryPoint","urlTemplate":"https:\/\/soignerenperigord.fr\/?s={search_term_string}"},"query-input":"required name=search_term_string"}],"inLanguage":"fr-FR"},{"@type":"Person","@id":"https:\/\/soignerenperigord.fr\/#\/schema\/person\/472d11aea5414a2261713a6c4c8383ef","name":"Fran\u00e7ois Viart","image":{"@type":"ImageObject","inLanguage":"fr-FR","@id":"https:\/\/soignerenperigord.fr\/#\/schema\/person\/image\/","url":"https:\/\/secure.gravatar.com\/avatar\/e9c54e4d6a08bdf2cfa4516d07a467ef?s=96&d=mm&r=g","contentUrl":"https:\/\/secure.gravatar.com\/avatar\/e9c54e4d6a08bdf2cfa4516d07a467ef?s=96&d=mm&r=g","caption":"Fran\u00e7ois Viart"}}]}},"_links":{"self":[{"href":"https:\/\/soignerenperigord.fr\/index.php?rest_route=\/wp\/v2\/posts\/10066"}],"collection":[{"href":"https:\/\/soignerenperigord.fr\/index.php?rest_route=\/wp\/v2\/posts"}],"about":[{"href":"https:\/\/soignerenperigord.fr\/index.php?rest_route=\/wp\/v2\/types\/post"}],"author":[{"embeddable":true,"href":"https:\/\/soignerenperigord.fr\/index.php?rest_route=\/wp\/v2\/users\/20"}],"replies":[{"embeddable":true,"href":"https:\/\/soignerenperigord.fr\/index.php?rest_route=%2Fwp%2Fv2%2Fcomments&post=10066"}],"version-history":[{"count":15,"href":"https:\/\/soignerenperigord.fr\/index.php?rest_route=\/wp\/v2\/posts\/10066\/revisions"}],"predecessor-version":[{"id":10305,"href":"https:\/\/soignerenperigord.fr\/index.php?rest_route=\/wp\/v2\/posts\/10066\/revisions\/10305"}],"wp:featuredmedia":[{"embeddable":true,"href":"https:\/\/soignerenperigord.fr\/index.php?rest_route=\/wp\/v2\/media\/10058"}],"wp:attachment":[{"href":"https:\/\/soignerenperigord.fr\/index.php?rest_route=%2Fwp%2Fv2%2Fmedia&parent=10066"}],"wp:term":[{"taxonomy":"category","embeddable":true,"href":"https:\/\/soignerenperigord.fr\/index.php?rest_route=%2Fwp%2Fv2%2Fcategories&post=10066"},{"taxonomy":"post_tag","embeddable":true,"href":"https:\/\/soignerenperigord.fr\/index.php?rest_route=%2Fwp%2Fv2%2Ftags&post=10066"}],"curies":[{"name":"wp","href":"https:\/\/api.w.org\/{rel}","templated":true}]}}